{"id":5843,"date":"2023-09-14T15:05:09","date_gmt":"2023-09-14T13:05:09","guid":{"rendered":"http:\/\/www.lycee-charles-nodier-ac-besancon.fr\/wordpress\/?p=5843"},"modified":"2025-08-26T12:44:17","modified_gmt":"2025-08-26T10:44:17","slug":"semaine-de-lengagement-lyceen-2023","status":"publish","type":"post","link":"https:\/\/www.lycee-charles-nodier-ac-besancon.fr\/wordpress\/semaine-de-lengagement-lyceen-2023\/","title":{"rendered":"Semaine de l\u2019engagement lyc\u00e9en 2023"},"content":{"rendered":"\n<p><img loading=\"lazy\" decoding=\"async\" class=\"aligncenter wp-image-5844 size-large\" src=\"https:\/\/www.lycee-charles-nodier-ac-besancon.fr\/wordpress\/wp-content\/uploads\/2023\/09\/engagement23-1024x326.png\" alt=\"\" width=\"950\" height=\"302\" srcset=\"https:\/\/www.lycee-charles-nodier-ac-besancon.fr\/wordpress\/wp-content\/uploads\/2023\/09\/engagement23-1024x326.png 1024w, https:\/\/www.lycee-charles-nodier-ac-besancon.fr\/wordpress\/wp-content\/uploads\/2023\/09\/engagement23-300x95.png 300w, https:\/\/www.lycee-charles-nodier-ac-besancon.fr\/wordpress\/wp-content\/uploads\/2023\/09\/engagement23-768x244.png 768w, https:\/\/www.lycee-charles-nodier-ac-besancon.fr\/wordpress\/wp-content\/uploads\/2023\/09\/engagement23-150x48.png 150w, https:\/\/www.lycee-charles-nodier-ac-besancon.fr\/wordpress\/wp-content\/uploads\/2023\/09\/engagement23-250x80.png 250w, https:\/\/www.lycee-charles-nodier-ac-besancon.fr\/wordpress\/wp-content\/uploads\/2023\/09\/engagement23.png 1100w\" sizes=\"auto, (max-width: 950px) 100vw, 950px\" \/><\/p>\n<p><strong>Calendrier des \u00e9lections \u00e9l\u00e8ves<\/strong><\/p>\n<ul>\n<li>Du 18 septembre au 06 octobre : Sensibilisation aux instances lyc\u00e9ennes<\/li>\n<li>Du 02 au 06 octobre : \u00e9lection des d\u00e9l\u00e9gu\u00e9s de classe \/ \u00e9lection des \u00e9co-d\u00e9l\u00e9gu\u00e9s<\/li>\n<li>Jeudi 29 septembre : Fin de d\u00e9p\u00f4t des candidatures et des professions de foi pour les \u00e9lections du CVL aupr\u00e8s des CPE.<\/li>\n<li>Mardi 10 octobre : Elections du CVL.<\/li>\n<li>Vendredi 13 octobre\u00a0 : Journ\u00e9e Acad\u00e9mique de l\u2019Assembl\u00e9e G\u00e9n\u00e9rale des D\u00e9l\u00e9gu\u00e9s El\u00e8ves pour l\u2019\u00e9lection des repr\u00e9sentants \u00e9l\u00e8ves au CA, issus du CVL, l\u2019\u00e9lection du vice-pr\u00e9sident du CVL et l\u2019\u00e9lection des repr\u00e9sentants \u00e9l\u00e8ves au conseil de discipline.<\/li>\n<\/ul>\n\n<!-- iframe plugin v.6.0 wordpress.org\/plugins\/iframe\/ -->\n<iframe loading=\"lazy\" src=\"https:\/\/www.lycee-charles-nodier-ac-besancon.fr\/wordpress\/wp-content\/uploads\/2023\/09\/INFORMATIONS-SUR-LES-INSTANCES-LYCEENNES-2023-2024.pdf\" width=\"80%\" height=\"800\" scrolling=\"yes\" class=\"iframe-class\" frameborder=\"0\"><\/iframe>\n\n<p>Pour en savoir plus : <a href=\"https:\/\/www.education.gouv.fr\/les-semaines-de-l-engagement-engagez-vous-pour-faire-vivre-votre-college-et-votre-lycee-9857\" target=\"_blank\" rel=\"noopener noreferrer\">https:\/\/www.education.gouv.fr\/les-semaines-de-l-engagement-engagez-vous-pour-faire-vivre-votre-college-et-votre-lycee-9857<\/a><\/p>\n<p>\u00a0<\/p>\n","protected":false},"excerpt":{"rendered":"<p>Calendrier des \u00e9lections \u00e9l\u00e8ves Du 18 septembre au 06 octobre : Sensibilisation aux instances lyc\u00e9ennes Du 02 au 06 octobre : \u00e9lection des d\u00e9l\u00e9gu\u00e9s de classe \/ \u00e9lection des \u00e9co-d\u00e9l\u00e9gu\u00e9s\u2026<\/p>\n<p> <a class=\"continue-reading-link\" href=\"https:\/\/www.lycee-charles-nodier-ac-besancon.fr\/wordpress\/semaine-de-lengagement-lyceen-2023\/\"><span>Lire la suite<\/span><i class=\"crycon-right-dir\"><\/i><\/a> <\/p>\n","protected":false},"author":2,"featured_media":5844,"comment_status":"closed","ping_status":"open","sticky":false,"template":"","format":"standard","meta":{"footnotes":""},"categories":[17,3],"tags":[],"coauthors":[164],"class_list":["post-5843","post","type-post","status-publish","format-standard","has-post-thumbnail","hentry","category-actualite","category-cvl"],"views":1144,"_links":{"self":[{"href":"https:\/\/www.lycee-charles-nodier-ac-besancon.fr\/wordpress\/wp-json\/wp\/v2\/posts\/5843","targetHints":{"allow":["GET"]}}],"collection":[{"href":"https:\/\/www.lycee-charles-nodier-ac-besancon.fr\/wordpress\/wp-json\/wp\/v2\/posts"}],"about":[{"href":"https:\/\/www.lycee-charles-nodier-ac-besancon.fr\/wordpress\/wp-json\/wp\/v2\/types\/post"}],"author":[{"embeddable":true,"href":"https:\/\/www.lycee-charles-nodier-ac-besancon.fr\/wordpress\/wp-json\/wp\/v2\/users\/2"}],"replies":[{"embeddable":true,"href":"https:\/\/www.lycee-charles-nodier-ac-besancon.fr\/wordpress\/wp-json\/wp\/v2\/comments?post=5843"}],"version-history":[{"count":1,"href":"https:\/\/www.lycee-charles-nodier-ac-besancon.fr\/wordpress\/wp-json\/wp\/v2\/posts\/5843\/revisions"}],"predecessor-version":[{"id":5846,"href":"https:\/\/www.lycee-charles-nodier-ac-besancon.fr\/wordpress\/wp-json\/wp\/v2\/posts\/5843\/revisions\/5846"}],"wp:featuredmedia":[{"embeddable":true,"href":"https:\/\/www.lycee-charles-nodier-ac-besancon.fr\/wordpress\/wp-json\/wp\/v2\/media\/5844"}],"wp:attachment":[{"href":"https:\/\/www.lycee-charles-nodier-ac-besancon.fr\/wordpress\/wp-json\/wp\/v2\/media?parent=5843"}],"wp:term":[{"taxonomy":"category","embeddable":true,"href":"https:\/\/www.lycee-charles-nodier-ac-besancon.fr\/wordpress\/wp-json\/wp\/v2\/categories?post=5843"},{"taxonomy":"post_tag","embeddable":true,"href":"https:\/\/www.lycee-charles-nodier-ac-besancon.fr\/wordpress\/wp-json\/wp\/v2\/tags?post=5843"},{"taxonomy":"author","embeddable":true,"href":"https:\/\/www.lycee-charles-nodier-ac-besancon.fr\/wordpress\/wp-json\/wp\/v2\/coauthors?post=5843"}],"curies":[{"name":"wp","href":"https:\/\/api.w.org\/{rel}","templated":true}]}}