{"id":5852,"date":"2023-10-04T16:01:13","date_gmt":"2023-10-04T14:01:13","guid":{"rendered":"http:\/\/www.lycee-charles-nodier-ac-besancon.fr\/wordpress\/?p=5852"},"modified":"2023-10-04T16:01:13","modified_gmt":"2023-10-04T14:01:13","slug":"notre-voyage-au-pays-basque-espagnol-du-11-au-16-septembre-2023","status":"publish","type":"post","link":"https:\/\/www.lycee-charles-nodier-ac-besancon.fr\/wordpress\/notre-voyage-au-pays-basque-espagnol-du-11-au-16-septembre-2023\/","title":{"rendered":"Notre voyage au Pays basque espagnol du 11 au 16 septembre 2023"},"content":{"rendered":"\n<figure class=\"wp-block-gallery has-nested-images columns-default is-cropped wp-block-gallery-1 is-layout-flex wp-block-gallery-is-layout-flex\">\n<figure class=\"wp-block-image size-large\"><img loading=\"lazy\" decoding=\"async\" width=\"1024\" height=\"879\" data-id=\"5853\" src=\"https:\/\/www.lycee-charles-nodier-ac-besancon.fr\/wordpress\/wp-content\/uploads\/2023\/09\/Mapa.png\" alt=\"\" class=\"wp-image-5853\" srcset=\"https:\/\/www.lycee-charles-nodier-ac-besancon.fr\/wordpress\/wp-content\/uploads\/2023\/09\/Mapa.png 1024w, https:\/\/www.lycee-charles-nodier-ac-besancon.fr\/wordpress\/wp-content\/uploads\/2023\/09\/Mapa-300x258.png 300w, https:\/\/www.lycee-charles-nodier-ac-besancon.fr\/wordpress\/wp-content\/uploads\/2023\/09\/Mapa-768x659.png 768w, https:\/\/www.lycee-charles-nodier-ac-besancon.fr\/wordpress\/wp-content\/uploads\/2023\/09\/Mapa-150x129.png 150w, https:\/\/www.lycee-charles-nodier-ac-besancon.fr\/wordpress\/wp-content\/uploads\/2023\/09\/Mapa-175x150.png 175w\" sizes=\"auto, (max-width: 1024px) 100vw, 1024px\" \/><\/figure>\n\n\n\n<figure class=\"wp-block-image size-large\"><img loading=\"lazy\" decoding=\"async\" width=\"800\" height=\"800\" data-id=\"5854\" src=\"https:\/\/www.lycee-charles-nodier-ac-besancon.fr\/wordpress\/wp-content\/uploads\/2023\/09\/Bandera.jpg\" alt=\"\" class=\"wp-image-5854\" srcset=\"https:\/\/www.lycee-charles-nodier-ac-besancon.fr\/wordpress\/wp-content\/uploads\/2023\/09\/Bandera.jpg 800w, https:\/\/www.lycee-charles-nodier-ac-besancon.fr\/wordpress\/wp-content\/uploads\/2023\/09\/Bandera-300x300.jpg 300w, https:\/\/www.lycee-charles-nodier-ac-besancon.fr\/wordpress\/wp-content\/uploads\/2023\/09\/Bandera-150x150.jpg 150w, https:\/\/www.lycee-charles-nodier-ac-besancon.fr\/wordpress\/wp-content\/uploads\/2023\/09\/Bandera-768x768.jpg 768w\" sizes=\"auto, (max-width: 800px) 100vw, 800px\" \/><\/figure>\n<\/figure>\n\n\n\n\n\n\n\n<h2 class=\"wp-block-heading\">D\u00e9couverte de San Juan de Gaztelugatxe, du stade de l&rsquo;Athletic Bilbao.<\/h2>\n\n\n\n<div class=\"wp-block-group\"><div class=\"wp-block-group__inner-container is-layout-constrained wp-block-group-is-layout-constrained\">\n<figure class=\"wp-block-gallery has-nested-images columns-default is-cropped wp-block-gallery-2 is-layout-flex wp-block-gallery-is-layout-flex\">\n<figure class=\"wp-block-image size-large\"><img loading=\"lazy\" decoding=\"async\" width=\"1024\" height=\"632\" data-id=\"5859\" src=\"https:\/\/www.lycee-charles-nodier-ac-besancon.fr\/wordpress\/wp-content\/uploads\/2023\/09\/Martes-12-de-sept-San-Juan-de-Gaztelugatxe-1-1024x632.jpg\" alt=\"\" class=\"wp-image-5859\" srcset=\"https:\/\/www.lycee-charles-nodier-ac-besancon.fr\/wordpress\/wp-content\/uploads\/2023\/09\/Martes-12-de-sept-San-Juan-de-Gaztelugatxe-1-1024x632.jpg 1024w, https:\/\/www.lycee-charles-nodier-ac-besancon.fr\/wordpress\/wp-content\/uploads\/2023\/09\/Martes-12-de-sept-San-Juan-de-Gaztelugatxe-1-300x185.jpg 300w, https:\/\/www.lycee-charles-nodier-ac-besancon.fr\/wordpress\/wp-content\/uploads\/2023\/09\/Martes-12-de-sept-San-Juan-de-Gaztelugatxe-1-768x474.jpg 768w, https:\/\/www.lycee-charles-nodier-ac-besancon.fr\/wordpress\/wp-content\/uploads\/2023\/09\/Martes-12-de-sept-San-Juan-de-Gaztelugatxe-1-1536x948.jpg 1536w, https:\/\/www.lycee-charles-nodier-ac-besancon.fr\/wordpress\/wp-content\/uploads\/2023\/09\/Martes-12-de-sept-San-Juan-de-Gaztelugatxe-1-2048x1265.jpg 2048w, https:\/\/www.lycee-charles-nodier-ac-besancon.fr\/wordpress\/wp-content\/uploads\/2023\/09\/Martes-12-de-sept-San-Juan-de-Gaztelugatxe-1-150x93.jpg 150w, https:\/\/www.lycee-charles-nodier-ac-besancon.fr\/wordpress\/wp-content\/uploads\/2023\/09\/Martes-12-de-sept-San-Juan-de-Gaztelugatxe-1-243x150.jpg 243w\" sizes=\"auto, (max-width: 1024px) 100vw, 1024px\" \/><\/figure>\n<\/figure>\n<\/div><\/div>\n\n\n\n<p><\/p>\n\n\n\n<figure class=\"wp-block-gallery has-nested-images columns-default is-cropped wp-block-gallery-3 is-layout-flex wp-block-gallery-is-layout-flex\">\n<figure class=\"wp-block-image size-large\"><img loading=\"lazy\" decoding=\"async\" width=\"1024\" height=\"576\" data-id=\"5863\" src=\"https:\/\/www.lycee-charles-nodier-ac-besancon.fr\/wordpress\/wp-content\/uploads\/2023\/09\/Martes-12-de-sept-Estadio-de-San-Mames-2-2-1024x576.jpg\" alt=\"\" class=\"wp-image-5863\" srcset=\"https:\/\/www.lycee-charles-nodier-ac-besancon.fr\/wordpress\/wp-content\/uploads\/2023\/09\/Martes-12-de-sept-Estadio-de-San-Mames-2-2-1024x576.jpg 1024w, https:\/\/www.lycee-charles-nodier-ac-besancon.fr\/wordpress\/wp-content\/uploads\/2023\/09\/Martes-12-de-sept-Estadio-de-San-Mames-2-2-300x169.jpg 300w, https:\/\/www.lycee-charles-nodier-ac-besancon.fr\/wordpress\/wp-content\/uploads\/2023\/09\/Martes-12-de-sept-Estadio-de-San-Mames-2-2-768x432.jpg 768w, https:\/\/www.lycee-charles-nodier-ac-besancon.fr\/wordpress\/wp-content\/uploads\/2023\/09\/Martes-12-de-sept-Estadio-de-San-Mames-2-2-1536x864.jpg 1536w, https:\/\/www.lycee-charles-nodier-ac-besancon.fr\/wordpress\/wp-content\/uploads\/2023\/09\/Martes-12-de-sept-Estadio-de-San-Mames-2-2-2048x1152.jpg 2048w, https:\/\/www.lycee-charles-nodier-ac-besancon.fr\/wordpress\/wp-content\/uploads\/2023\/09\/Martes-12-de-sept-Estadio-de-San-Mames-2-2-150x84.jpg 150w, https:\/\/www.lycee-charles-nodier-ac-besancon.fr\/wordpress\/wp-content\/uploads\/2023\/09\/Martes-12-de-sept-Estadio-de-San-Mames-2-2-250x141.jpg 250w\" sizes=\"auto, (max-width: 1024px) 100vw, 1024px\" \/><\/figure>\n\n\n\n<figure class=\"wp-block-image size-large\"><img loading=\"lazy\" decoding=\"async\" width=\"1024\" height=\"576\" data-id=\"5872\" src=\"https:\/\/www.lycee-charles-nodier-ac-besancon.fr\/wordpress\/wp-content\/uploads\/2023\/09\/Martes-12-de-sept-Estadio-de-San-Mames-1-4-1024x576.jpg\" alt=\"\" class=\"wp-image-5872\" srcset=\"https:\/\/www.lycee-charles-nodier-ac-besancon.fr\/wordpress\/wp-content\/uploads\/2023\/09\/Martes-12-de-sept-Estadio-de-San-Mames-1-4-1024x576.jpg 1024w, https:\/\/www.lycee-charles-nodier-ac-besancon.fr\/wordpress\/wp-content\/uploads\/2023\/09\/Martes-12-de-sept-Estadio-de-San-Mames-1-4-300x169.jpg 300w, https:\/\/www.lycee-charles-nodier-ac-besancon.fr\/wordpress\/wp-content\/uploads\/2023\/09\/Martes-12-de-sept-Estadio-de-San-Mames-1-4-768x432.jpg 768w, https:\/\/www.lycee-charles-nodier-ac-besancon.fr\/wordpress\/wp-content\/uploads\/2023\/09\/Martes-12-de-sept-Estadio-de-San-Mames-1-4-1536x864.jpg 1536w, https:\/\/www.lycee-charles-nodier-ac-besancon.fr\/wordpress\/wp-content\/uploads\/2023\/09\/Martes-12-de-sept-Estadio-de-San-Mames-1-4-2048x1152.jpg 2048w, https:\/\/www.lycee-charles-nodier-ac-besancon.fr\/wordpress\/wp-content\/uploads\/2023\/09\/Martes-12-de-sept-Estadio-de-San-Mames-1-4-150x84.jpg 150w, https:\/\/www.lycee-charles-nodier-ac-besancon.fr\/wordpress\/wp-content\/uploads\/2023\/09\/Martes-12-de-sept-Estadio-de-San-Mames-1-4-250x141.jpg 250w\" sizes=\"auto, (max-width: 1024px) 100vw, 1024px\" \/><\/figure>\n<\/figure>\n\n\n\n<div class=\"wp-block-columns is-layout-flex wp-container-core-columns-is-layout-9d6595d7 wp-block-columns-is-layout-flex\">\n<div class=\"wp-block-column is-layout-flow wp-block-column-is-layout-flow\">\n<figure class=\"wp-block-gallery has-nested-images columns-default is-cropped wp-block-gallery-4 is-layout-flex wp-block-gallery-is-layout-flex\">\n<figure class=\"wp-block-image size-large\"><img loading=\"lazy\" decoding=\"async\" width=\"1024\" height=\"1024\" data-id=\"5884\" src=\"https:\/\/www.lycee-charles-nodier-ac-besancon.fr\/wordpress\/wp-content\/uploads\/2023\/09\/Martes-12-de-sept-Almuerzo-en-San-Juan-de-Gaztelugatxe-1-1024x1024.jpg\" alt=\"\" class=\"wp-image-5884\" srcset=\"https:\/\/www.lycee-charles-nodier-ac-besancon.fr\/wordpress\/wp-content\/uploads\/2023\/09\/Martes-12-de-sept-Almuerzo-en-San-Juan-de-Gaztelugatxe-1-1024x1024.jpg 1024w, https:\/\/www.lycee-charles-nodier-ac-besancon.fr\/wordpress\/wp-content\/uploads\/2023\/09\/Martes-12-de-sept-Almuerzo-en-San-Juan-de-Gaztelugatxe-1-300x300.jpg 300w, https:\/\/www.lycee-charles-nodier-ac-besancon.fr\/wordpress\/wp-content\/uploads\/2023\/09\/Martes-12-de-sept-Almuerzo-en-San-Juan-de-Gaztelugatxe-1-150x150.jpg 150w, https:\/\/www.lycee-charles-nodier-ac-besancon.fr\/wordpress\/wp-content\/uploads\/2023\/09\/Martes-12-de-sept-Almuerzo-en-San-Juan-de-Gaztelugatxe-1-768x768.jpg 768w, https:\/\/www.lycee-charles-nodier-ac-besancon.fr\/wordpress\/wp-content\/uploads\/2023\/09\/Martes-12-de-sept-Almuerzo-en-San-Juan-de-Gaztelugatxe-1-1536x1536.jpg 1536w, https:\/\/www.lycee-charles-nodier-ac-besancon.fr\/wordpress\/wp-content\/uploads\/2023\/09\/Martes-12-de-sept-Almuerzo-en-San-Juan-de-Gaztelugatxe-1-2048x2048.jpg 2048w\" sizes=\"auto, (max-width: 1024px) 100vw, 1024px\" \/><\/figure>\n<\/figure>\n\n\n\n<h2 class=\"wp-block-heading\">D\u00e9couverte du mus\u00e9e Guggenheim \u00e0 Bilbao.<\/h2>\n<\/div>\n<\/div>\n\n\n\n<figure class=\"wp-block-gallery has-nested-images columns-default is-cropped wp-block-gallery-5 is-layout-flex wp-block-gallery-is-layout-flex\">\n<figure class=\"wp-block-image size-large\"><img loading=\"lazy\" decoding=\"async\" width=\"1024\" height=\"1024\" data-id=\"5874\" src=\"https:\/\/www.lycee-charles-nodier-ac-besancon.fr\/wordpress\/wp-content\/uploads\/2023\/09\/Miercoles-13-Guggenheim-1-1024x1024.jpg\" alt=\"\" class=\"wp-image-5874\" srcset=\"https:\/\/www.lycee-charles-nodier-ac-besancon.fr\/wordpress\/wp-content\/uploads\/2023\/09\/Miercoles-13-Guggenheim-1-1024x1024.jpg 1024w, https:\/\/www.lycee-charles-nodier-ac-besancon.fr\/wordpress\/wp-content\/uploads\/2023\/09\/Miercoles-13-Guggenheim-1-300x300.jpg 300w, https:\/\/www.lycee-charles-nodier-ac-besancon.fr\/wordpress\/wp-content\/uploads\/2023\/09\/Miercoles-13-Guggenheim-1-150x150.jpg 150w, https:\/\/www.lycee-charles-nodier-ac-besancon.fr\/wordpress\/wp-content\/uploads\/2023\/09\/Miercoles-13-Guggenheim-1-768x768.jpg 768w, https:\/\/www.lycee-charles-nodier-ac-besancon.fr\/wordpress\/wp-content\/uploads\/2023\/09\/Miercoles-13-Guggenheim-1-1536x1536.jpg 1536w, https:\/\/www.lycee-charles-nodier-ac-besancon.fr\/wordpress\/wp-content\/uploads\/2023\/09\/Miercoles-13-Guggenheim-1-2048x2048.jpg 2048w\" sizes=\"auto, (max-width: 1024px) 100vw, 1024px\" \/><\/figure>\n<\/figure>\n\n\n\n<h2 class=\"wp-block-heading\">D\u00e9couverte de la grue Carola et du pont suspendu de Biscaye.<\/h2>\n\n\n\n\n\n<figure class=\"wp-block-gallery has-nested-images columns-default is-cropped wp-block-gallery-6 is-layout-flex wp-block-gallery-is-layout-flex\">\n<figure class=\"wp-block-image size-large\"><img loading=\"lazy\" decoding=\"async\" width=\"576\" height=\"1024\" data-id=\"5875\" src=\"https:\/\/www.lycee-charles-nodier-ac-besancon.fr\/wordpress\/wp-content\/uploads\/2023\/09\/Martes-12-de-sept-La-Grua-Carola-6-576x1024.jpg\" alt=\"\" class=\"wp-image-5875\" srcset=\"https:\/\/www.lycee-charles-nodier-ac-besancon.fr\/wordpress\/wp-content\/uploads\/2023\/09\/Martes-12-de-sept-La-Grua-Carola-6-576x1024.jpg 576w, https:\/\/www.lycee-charles-nodier-ac-besancon.fr\/wordpress\/wp-content\/uploads\/2023\/09\/Martes-12-de-sept-La-Grua-Carola-6-169x300.jpg 169w, https:\/\/www.lycee-charles-nodier-ac-besancon.fr\/wordpress\/wp-content\/uploads\/2023\/09\/Martes-12-de-sept-La-Grua-Carola-6-768x1365.jpg 768w, https:\/\/www.lycee-charles-nodier-ac-besancon.fr\/wordpress\/wp-content\/uploads\/2023\/09\/Martes-12-de-sept-La-Grua-Carola-6-864x1536.jpg 864w, https:\/\/www.lycee-charles-nodier-ac-besancon.fr\/wordpress\/wp-content\/uploads\/2023\/09\/Martes-12-de-sept-La-Grua-Carola-6-1152x2048.jpg 1152w, https:\/\/www.lycee-charles-nodier-ac-besancon.fr\/wordpress\/wp-content\/uploads\/2023\/09\/Martes-12-de-sept-La-Grua-Carola-6-84x150.jpg 84w, https:\/\/www.lycee-charles-nodier-ac-besancon.fr\/wordpress\/wp-content\/uploads\/2023\/09\/Martes-12-de-sept-La-Grua-Carola-6-scaled.jpg 1440w\" sizes=\"auto, (max-width: 576px) 100vw, 576px\" \/><\/figure>\n\n\n\n<figure class=\"wp-block-image size-large\"><img loading=\"lazy\" decoding=\"async\" width=\"576\" height=\"1024\" data-id=\"5876\" src=\"https:\/\/www.lycee-charles-nodier-ac-besancon.fr\/wordpress\/wp-content\/uploads\/2023\/09\/Miercoles-13-de-sept-Puente-colgante-de-Getxo-576x1024.jpg\" alt=\"\" class=\"wp-image-5876\" srcset=\"https:\/\/www.lycee-charles-nodier-ac-besancon.fr\/wordpress\/wp-content\/uploads\/2023\/09\/Miercoles-13-de-sept-Puente-colgante-de-Getxo-576x1024.jpg 576w, https:\/\/www.lycee-charles-nodier-ac-besancon.fr\/wordpress\/wp-content\/uploads\/2023\/09\/Miercoles-13-de-sept-Puente-colgante-de-Getxo-169x300.jpg 169w, https:\/\/www.lycee-charles-nodier-ac-besancon.fr\/wordpress\/wp-content\/uploads\/2023\/09\/Miercoles-13-de-sept-Puente-colgante-de-Getxo-768x1365.jpg 768w, https:\/\/www.lycee-charles-nodier-ac-besancon.fr\/wordpress\/wp-content\/uploads\/2023\/09\/Miercoles-13-de-sept-Puente-colgante-de-Getxo-864x1536.jpg 864w, https:\/\/www.lycee-charles-nodier-ac-besancon.fr\/wordpress\/wp-content\/uploads\/2023\/09\/Miercoles-13-de-sept-Puente-colgante-de-Getxo-1152x2048.jpg 1152w, https:\/\/www.lycee-charles-nodier-ac-besancon.fr\/wordpress\/wp-content\/uploads\/2023\/09\/Miercoles-13-de-sept-Puente-colgante-de-Getxo-84x150.jpg 84w, https:\/\/www.lycee-charles-nodier-ac-besancon.fr\/wordpress\/wp-content\/uploads\/2023\/09\/Miercoles-13-de-sept-Puente-colgante-de-Getxo-scaled.jpg 1440w\" sizes=\"auto, (max-width: 576px) 100vw, 576px\" \/><\/figure>\n<\/figure>\n\n\n\n\n\n<h2 class=\"wp-block-heading\">Initiation \u00e0 la pelote basque.<\/h2>\n\n\n\n\n\n<figure class=\"wp-block-gallery has-nested-images columns-default is-cropped wp-block-gallery-7 is-layout-flex wp-block-gallery-is-layout-flex\">\n<figure class=\"wp-block-image size-large\"><img loading=\"lazy\" decoding=\"async\" width=\"1024\" height=\"1024\" data-id=\"5877\" src=\"https:\/\/www.lycee-charles-nodier-ac-besancon.fr\/wordpress\/wp-content\/uploads\/2023\/09\/Jueves-14-de-sept-Pelota-vasca-1024x1024.jpg\" alt=\"\" class=\"wp-image-5877\" srcset=\"https:\/\/www.lycee-charles-nodier-ac-besancon.fr\/wordpress\/wp-content\/uploads\/2023\/09\/Jueves-14-de-sept-Pelota-vasca-1024x1024.jpg 1024w, https:\/\/www.lycee-charles-nodier-ac-besancon.fr\/wordpress\/wp-content\/uploads\/2023\/09\/Jueves-14-de-sept-Pelota-vasca-300x300.jpg 300w, https:\/\/www.lycee-charles-nodier-ac-besancon.fr\/wordpress\/wp-content\/uploads\/2023\/09\/Jueves-14-de-sept-Pelota-vasca-150x150.jpg 150w, https:\/\/www.lycee-charles-nodier-ac-besancon.fr\/wordpress\/wp-content\/uploads\/2023\/09\/Jueves-14-de-sept-Pelota-vasca-768x768.jpg 768w, https:\/\/www.lycee-charles-nodier-ac-besancon.fr\/wordpress\/wp-content\/uploads\/2023\/09\/Jueves-14-de-sept-Pelota-vasca-1536x1536.jpg 1536w, https:\/\/www.lycee-charles-nodier-ac-besancon.fr\/wordpress\/wp-content\/uploads\/2023\/09\/Jueves-14-de-sept-Pelota-vasca-2048x2048.jpg 2048w\" sizes=\"auto, (max-width: 1024px) 100vw, 1024px\" \/><\/figure>\n<\/figure>\n\n\n\n<h2 class=\"wp-block-heading\">Visite de Gernika-Lumo: Casa de Juntas et Mus\u00e9e de la Paix.<\/h2>\n\n\n\n<figure class=\"wp-block-gallery has-nested-images columns-default is-cropped wp-block-gallery-8 is-layout-flex wp-block-gallery-is-layout-flex\">\n<figure class=\"wp-block-image size-large\"><img loading=\"lazy\" decoding=\"async\" width=\"1024\" height=\"576\" data-id=\"5878\" src=\"https:\/\/www.lycee-charles-nodier-ac-besancon.fr\/wordpress\/wp-content\/uploads\/2023\/09\/Jueves-14-de-sept-Guernica-y-el-Museo-de-la-Paz-1024x576.jpg\" alt=\"\" class=\"wp-image-5878\" srcset=\"https:\/\/www.lycee-charles-nodier-ac-besancon.fr\/wordpress\/wp-content\/uploads\/2023\/09\/Jueves-14-de-sept-Guernica-y-el-Museo-de-la-Paz-1024x576.jpg 1024w, https:\/\/www.lycee-charles-nodier-ac-besancon.fr\/wordpress\/wp-content\/uploads\/2023\/09\/Jueves-14-de-sept-Guernica-y-el-Museo-de-la-Paz-300x169.jpg 300w, https:\/\/www.lycee-charles-nodier-ac-besancon.fr\/wordpress\/wp-content\/uploads\/2023\/09\/Jueves-14-de-sept-Guernica-y-el-Museo-de-la-Paz-768x432.jpg 768w, https:\/\/www.lycee-charles-nodier-ac-besancon.fr\/wordpress\/wp-content\/uploads\/2023\/09\/Jueves-14-de-sept-Guernica-y-el-Museo-de-la-Paz-1536x864.jpg 1536w, https:\/\/www.lycee-charles-nodier-ac-besancon.fr\/wordpress\/wp-content\/uploads\/2023\/09\/Jueves-14-de-sept-Guernica-y-el-Museo-de-la-Paz-2048x1152.jpg 2048w, https:\/\/www.lycee-charles-nodier-ac-besancon.fr\/wordpress\/wp-content\/uploads\/2023\/09\/Jueves-14-de-sept-Guernica-y-el-Museo-de-la-Paz-150x84.jpg 150w, https:\/\/www.lycee-charles-nodier-ac-besancon.fr\/wordpress\/wp-content\/uploads\/2023\/09\/Jueves-14-de-sept-Guernica-y-el-Museo-de-la-Paz-250x141.jpg 250w\" sizes=\"auto, (max-width: 1024px) 100vw, 1024px\" \/><\/figure>\n<\/figure>\n\n\n\n<h2 class=\"wp-block-heading\">San Sebasti\u00e1n: le palais de Miramar et la plage de la Concha.<\/h2>\n\n\n\n\n\n<figure class=\"wp-block-gallery has-nested-images columns-default is-cropped wp-block-gallery-9 is-layout-flex wp-block-gallery-is-layout-flex\">\n<figure class=\"wp-block-image size-large\"><img loading=\"lazy\" decoding=\"async\" width=\"1024\" height=\"576\" data-id=\"5881\" src=\"https:\/\/www.lycee-charles-nodier-ac-besancon.fr\/wordpress\/wp-content\/uploads\/2023\/09\/Viernes-14-de-sept-Palacio-Miramar-San-Sebastian-1024x576.jpg\" alt=\"\" class=\"wp-image-5881\" srcset=\"https:\/\/www.lycee-charles-nodier-ac-besancon.fr\/wordpress\/wp-content\/uploads\/2023\/09\/Viernes-14-de-sept-Palacio-Miramar-San-Sebastian-1024x576.jpg 1024w, https:\/\/www.lycee-charles-nodier-ac-besancon.fr\/wordpress\/wp-content\/uploads\/2023\/09\/Viernes-14-de-sept-Palacio-Miramar-San-Sebastian-300x169.jpg 300w, https:\/\/www.lycee-charles-nodier-ac-besancon.fr\/wordpress\/wp-content\/uploads\/2023\/09\/Viernes-14-de-sept-Palacio-Miramar-San-Sebastian-768x432.jpg 768w, https:\/\/www.lycee-charles-nodier-ac-besancon.fr\/wordpress\/wp-content\/uploads\/2023\/09\/Viernes-14-de-sept-Palacio-Miramar-San-Sebastian-1536x864.jpg 1536w, https:\/\/www.lycee-charles-nodier-ac-besancon.fr\/wordpress\/wp-content\/uploads\/2023\/09\/Viernes-14-de-sept-Palacio-Miramar-San-Sebastian-2048x1152.jpg 2048w, https:\/\/www.lycee-charles-nodier-ac-besancon.fr\/wordpress\/wp-content\/uploads\/2023\/09\/Viernes-14-de-sept-Palacio-Miramar-San-Sebastian-150x84.jpg 150w, https:\/\/www.lycee-charles-nodier-ac-besancon.fr\/wordpress\/wp-content\/uploads\/2023\/09\/Viernes-14-de-sept-Palacio-Miramar-San-Sebastian-250x141.jpg 250w\" sizes=\"auto, (max-width: 1024px) 100vw, 1024px\" \/><\/figure>\n\n\n\n<figure class=\"wp-block-image size-large\"><img loading=\"lazy\" decoding=\"async\" width=\"1024\" height=\"576\" data-id=\"5880\" src=\"https:\/\/www.lycee-charles-nodier-ac-besancon.fr\/wordpress\/wp-content\/uploads\/2023\/09\/Viernes-14-de-sept-Playa-de-la-Concha-San-Sebastian-1-1024x576.jpg\" alt=\"\" class=\"wp-image-5880\" srcset=\"https:\/\/www.lycee-charles-nodier-ac-besancon.fr\/wordpress\/wp-content\/uploads\/2023\/09\/Viernes-14-de-sept-Playa-de-la-Concha-San-Sebastian-1-1024x576.jpg 1024w, https:\/\/www.lycee-charles-nodier-ac-besancon.fr\/wordpress\/wp-content\/uploads\/2023\/09\/Viernes-14-de-sept-Playa-de-la-Concha-San-Sebastian-1-300x169.jpg 300w, https:\/\/www.lycee-charles-nodier-ac-besancon.fr\/wordpress\/wp-content\/uploads\/2023\/09\/Viernes-14-de-sept-Playa-de-la-Concha-San-Sebastian-1-768x432.jpg 768w, https:\/\/www.lycee-charles-nodier-ac-besancon.fr\/wordpress\/wp-content\/uploads\/2023\/09\/Viernes-14-de-sept-Playa-de-la-Concha-San-Sebastian-1-1536x864.jpg 1536w, https:\/\/www.lycee-charles-nodier-ac-besancon.fr\/wordpress\/wp-content\/uploads\/2023\/09\/Viernes-14-de-sept-Playa-de-la-Concha-San-Sebastian-1-2048x1152.jpg 2048w, https:\/\/www.lycee-charles-nodier-ac-besancon.fr\/wordpress\/wp-content\/uploads\/2023\/09\/Viernes-14-de-sept-Playa-de-la-Concha-San-Sebastian-1-150x84.jpg 150w, https:\/\/www.lycee-charles-nodier-ac-besancon.fr\/wordpress\/wp-content\/uploads\/2023\/09\/Viernes-14-de-sept-Playa-de-la-Concha-San-Sebastian-1-250x141.jpg 250w\" sizes=\"auto, (max-width: 1024px) 100vw, 1024px\" \/><\/figure>\n<\/figure>\n\n\n\n<h2 class=\"wp-block-heading\">L&rsquo;oeuvre de Chillida: el peine del viento.<\/h2>\n\n\n\n\n\n<figure class=\"wp-block-gallery has-nested-images columns-default is-cropped wp-block-gallery-10 is-layout-flex wp-block-gallery-is-layout-flex\">\n<figure class=\"wp-block-image size-large\"><img loading=\"lazy\" decoding=\"async\" width=\"1024\" height=\"1024\" data-id=\"5882\" src=\"https:\/\/www.lycee-charles-nodier-ac-besancon.fr\/wordpress\/wp-content\/uploads\/2023\/09\/Viernes-15-de-sept-El-peine-del-viento-de-Chillida-5-1024x1024.jpg\" alt=\"\" class=\"wp-image-5882\" srcset=\"https:\/\/www.lycee-charles-nodier-ac-besancon.fr\/wordpress\/wp-content\/uploads\/2023\/09\/Viernes-15-de-sept-El-peine-del-viento-de-Chillida-5-1024x1024.jpg 1024w, https:\/\/www.lycee-charles-nodier-ac-besancon.fr\/wordpress\/wp-content\/uploads\/2023\/09\/Viernes-15-de-sept-El-peine-del-viento-de-Chillida-5-300x300.jpg 300w, https:\/\/www.lycee-charles-nodier-ac-besancon.fr\/wordpress\/wp-content\/uploads\/2023\/09\/Viernes-15-de-sept-El-peine-del-viento-de-Chillida-5-150x150.jpg 150w, https:\/\/www.lycee-charles-nodier-ac-besancon.fr\/wordpress\/wp-content\/uploads\/2023\/09\/Viernes-15-de-sept-El-peine-del-viento-de-Chillida-5-768x768.jpg 768w, https:\/\/www.lycee-charles-nodier-ac-besancon.fr\/wordpress\/wp-content\/uploads\/2023\/09\/Viernes-15-de-sept-El-peine-del-viento-de-Chillida-5-1536x1536.jpg 1536w, https:\/\/www.lycee-charles-nodier-ac-besancon.fr\/wordpress\/wp-content\/uploads\/2023\/09\/Viernes-15-de-sept-El-peine-del-viento-de-Chillida-5-2048x2048.jpg 2048w\" sizes=\"auto, (max-width: 1024px) 100vw, 1024px\" \/><\/figure>\n<\/figure>\n","protected":false},"excerpt":{"rendered":"<p>D\u00e9couverte de San Juan de Gaztelugatxe, du stade de l&rsquo;Athletic Bilbao. D\u00e9couverte du mus\u00e9e Guggenheim \u00e0 Bilbao. D\u00e9couverte de la grue Carola et du pont suspendu de Biscaye. Initiation \u00e0\u2026<\/p>\n<p> <a class=\"continue-reading-link\" href=\"https:\/\/www.lycee-charles-nodier-ac-besancon.fr\/wordpress\/notre-voyage-au-pays-basque-espagnol-du-11-au-16-septembre-2023\/\"><span>Lire la suite<\/span><i class=\"crycon-right-dir\"><\/i><\/a> <\/p>\n","protected":false},"author":15,"featured_media":5859,"comment_status":"closed","ping_status":"open","sticky":false,"template":"","format":"standard","meta":{"footnotes":""},"categories":[50,61],"tags":[],"coauthors":[165],"class_list":["post-5852","post","type-post","status-publish","format-standard","has-post-thumbnail","hentry","category-disciplines","category-espagnol"],"views":1146,"_links":{"self":[{"href":"https:\/\/www.lycee-charles-nodier-ac-besancon.fr\/wordpress\/wp-json\/wp\/v2\/posts\/5852","targetHints":{"allow":["GET"]}}],"collection":[{"href":"https:\/\/www.lycee-charles-nodier-ac-besancon.fr\/wordpress\/wp-json\/wp\/v2\/posts"}],"about":[{"href":"https:\/\/www.lycee-charles-nodier-ac-besancon.fr\/wordpress\/wp-json\/wp\/v2\/types\/post"}],"author":[{"embeddable":true,"href":"https:\/\/www.lycee-charles-nodier-ac-besancon.fr\/wordpress\/wp-json\/wp\/v2\/users\/15"}],"replies":[{"embeddable":true,"href":"https:\/\/www.lycee-charles-nodier-ac-besancon.fr\/wordpress\/wp-json\/wp\/v2\/comments?post=5852"}],"version-history":[{"count":5,"href":"https:\/\/www.lycee-charles-nodier-ac-besancon.fr\/wordpress\/wp-json\/wp\/v2\/posts\/5852\/revisions"}],"predecessor-version":[{"id":5890,"href":"https:\/\/www.lycee-charles-nodier-ac-besancon.fr\/wordpress\/wp-json\/wp\/v2\/posts\/5852\/revisions\/5890"}],"wp:featuredmedia":[{"embeddable":true,"href":"https:\/\/www.lycee-charles-nodier-ac-besancon.fr\/wordpress\/wp-json\/wp\/v2\/media\/5859"}],"wp:attachment":[{"href":"https:\/\/www.lycee-charles-nodier-ac-besancon.fr\/wordpress\/wp-json\/wp\/v2\/media?parent=5852"}],"wp:term":[{"taxonomy":"category","embeddable":true,"href":"https:\/\/www.lycee-charles-nodier-ac-besancon.fr\/wordpress\/wp-json\/wp\/v2\/categories?post=5852"},{"taxonomy":"post_tag","embeddable":true,"href":"https:\/\/www.lycee-charles-nodier-ac-besancon.fr\/wordpress\/wp-json\/wp\/v2\/tags?post=5852"},{"taxonomy":"author","embeddable":true,"href":"https:\/\/www.lycee-charles-nodier-ac-besancon.fr\/wordpress\/wp-json\/wp\/v2\/coauthors?post=5852"}],"curies":[{"name":"wp","href":"https:\/\/api.w.org\/{rel}","templated":true}]}}