{"id":6009,"date":"2023-12-20T10:18:34","date_gmt":"2023-12-20T09:18:34","guid":{"rendered":"http:\/\/www.lycee-charles-nodier-ac-besancon.fr\/wordpress\/?p=6009"},"modified":"2025-03-04T16:25:24","modified_gmt":"2025-03-04T15:25:24","slug":"presentation-de-la-specialite-arts-plastiques","status":"publish","type":"post","link":"https:\/\/www.lycee-charles-nodier-ac-besancon.fr\/wordpress\/presentation-de-la-specialite-arts-plastiques\/","title":{"rendered":"Pr\u00e9sentation de la Sp\u00e9cialit\u00e9 Arts Plastiques"},"content":{"rendered":"\n<p>En seconde, il n&rsquo;y a pas d&rsquo;arts plastiques, la sp\u00e9cialit\u00e9 commence en premi\u00e8re. Un atelier est propos\u00e9 et il a lieu s&rsquo;il y a suffisamment d&rsquo;inscrits. En 2023-24, nous avons travaill\u00e9 avec le mus\u00e9e des Beaux-arts de Dole sur un projet \u00ab\u00a0La classe, l\u2019\u0153uvre\u00a0\u00bb (\u00e0 voir dans le diaporama ci-dessous). L&rsquo;exposition des travaux est encore en cours dans le couloir pr\u00e8s de la salle des professeurs. <\/p>\n\n\n\n<div data-wp-interactive=\"core\/file\" class=\"wp-block-file\"><object data-wp-bind--hidden=\"!state.hasPdfPreview\" hidden class=\"wp-block-file__embed\" data=\"https:\/\/www.lycee-charles-nodier-ac-besancon.fr\/wordpress\/wp-content\/uploads\/2025\/03\/Spe-2cde-Images-des-ARTS-PLASTIQUES-2024-25.pdf\" type=\"application\/pdf\" style=\"width:100%;height:200px\" aria-label=\"Contenu embarqu\u00e9 Sp\u00e9 2cde Images des ARTS PLASTIQUES 2024-25.\"><\/object><a id=\"wp-block-file--media-864f5b14-921a-46fe-86fb-2d090dc77260\" href=\"https:\/\/www.lycee-charles-nodier-ac-besancon.fr\/wordpress\/wp-content\/uploads\/2025\/03\/Spe-2cde-Images-des-ARTS-PLASTIQUES-2024-25.pdf\">Sp\u00e9 2cde Images des ARTS PLASTIQUES 2024-25<\/a><a href=\"https:\/\/www.lycee-charles-nodier-ac-besancon.fr\/wordpress\/wp-content\/uploads\/2025\/03\/Spe-2cde-Images-des-ARTS-PLASTIQUES-2024-25.pdf\" class=\"wp-block-file__button wp-element-button\" download aria-describedby=\"wp-block-file--media-864f5b14-921a-46fe-86fb-2d090dc77260\">T\u00e9l\u00e9charger<\/a><\/div>\n\n\n\n<p>Dans ce diaporama, vous trouverez des r\u00e9alisations d&rsquo;\u00e9l\u00e8ves, des actions, des r\u00e9sidences d&rsquo;artiste que nous avons faites r\u00e9cemment. Avec \u00e0 la fin, des conseils pour le choix des sp\u00e9cialit\u00e9s associ\u00e9es \u00e0 celle d&rsquo;arts plastiques, en fonction des m\u00e9tiers envisag\u00e9s (voir aussi les deux fiches ci-dessous). Vous pouvez aussi vous rendre sur l&rsquo;article pour l&rsquo;orientation des terminales apr\u00e8s le bac pour plus d&rsquo;informations.<\/p>\n\n\n\n\n\n<figure class=\"wp-block-image size-large\"><img loading=\"lazy\" decoding=\"async\" width=\"1024\" height=\"1013\" src=\"https:\/\/www.lycee-charles-nodier-ac-besancon.fr\/wordpress\/wp-content\/uploads\/2023\/12\/orientation-art-1-1024x1013.jpg\" alt=\"\" class=\"wp-image-6013\" srcset=\"https:\/\/www.lycee-charles-nodier-ac-besancon.fr\/wordpress\/wp-content\/uploads\/2023\/12\/orientation-art-1-1024x1013.jpg 1024w, https:\/\/www.lycee-charles-nodier-ac-besancon.fr\/wordpress\/wp-content\/uploads\/2023\/12\/orientation-art-1-300x297.jpg 300w, https:\/\/www.lycee-charles-nodier-ac-besancon.fr\/wordpress\/wp-content\/uploads\/2023\/12\/orientation-art-1-768x759.jpg 768w, https:\/\/www.lycee-charles-nodier-ac-besancon.fr\/wordpress\/wp-content\/uploads\/2023\/12\/orientation-art-1-150x148.jpg 150w, https:\/\/www.lycee-charles-nodier-ac-besancon.fr\/wordpress\/wp-content\/uploads\/2023\/12\/orientation-art-1-152x150.jpg 152w, https:\/\/www.lycee-charles-nodier-ac-besancon.fr\/wordpress\/wp-content\/uploads\/2023\/12\/orientation-art-1.jpg 1080w\" sizes=\"auto, (max-width: 1024px) 100vw, 1024px\" \/><\/figure>\n\n\n\n<figure class=\"wp-block-image size-full\"><img loading=\"lazy\" decoding=\"async\" width=\"517\" height=\"732\" src=\"https:\/\/www.lycee-charles-nodier-ac-besancon.fr\/wordpress\/wp-content\/uploads\/2023\/12\/quelle-spe-quel-metier.jpg\" alt=\"\" class=\"wp-image-6014\" srcset=\"https:\/\/www.lycee-charles-nodier-ac-besancon.fr\/wordpress\/wp-content\/uploads\/2023\/12\/quelle-spe-quel-metier.jpg 517w, https:\/\/www.lycee-charles-nodier-ac-besancon.fr\/wordpress\/wp-content\/uploads\/2023\/12\/quelle-spe-quel-metier-212x300.jpg 212w, https:\/\/www.lycee-charles-nodier-ac-besancon.fr\/wordpress\/wp-content\/uploads\/2023\/12\/quelle-spe-quel-metier-106x150.jpg 106w\" sizes=\"auto, (max-width: 517px) 100vw, 517px\" \/><\/figure>\n\n\n\n\n\n\n","protected":false},"excerpt":{"rendered":"<p>En seconde, il n&rsquo;y a pas d&rsquo;arts plastiques, la sp\u00e9cialit\u00e9 commence en premi\u00e8re. Un atelier est propos\u00e9 et il a lieu s&rsquo;il y a suffisamment d&rsquo;inscrits. En 2023-24, nous avons\u2026<\/p>\n<p> <a class=\"continue-reading-link\" href=\"https:\/\/www.lycee-charles-nodier-ac-besancon.fr\/wordpress\/presentation-de-la-specialite-arts-plastiques\/\"><span>Lire la suite<\/span><i class=\"crycon-right-dir\"><\/i><\/a> <\/p>\n","protected":false},"author":105,"featured_media":6035,"comment_status":"closed","ping_status":"open","sticky":false,"template":"","format":"standard","meta":{"footnotes":""},"categories":[65,41],"tags":[],"coauthors":[169],"class_list":["post-6009","post","type-post","status-publish","format-standard","has-post-thumbnail","hentry","category-arts_plastiques","category-classe_2nde"],"views":1510,"_links":{"self":[{"href":"https:\/\/www.lycee-charles-nodier-ac-besancon.fr\/wordpress\/wp-json\/wp\/v2\/posts\/6009","targetHints":{"allow":["GET"]}}],"collection":[{"href":"https:\/\/www.lycee-charles-nodier-ac-besancon.fr\/wordpress\/wp-json\/wp\/v2\/posts"}],"about":[{"href":"https:\/\/www.lycee-charles-nodier-ac-besancon.fr\/wordpress\/wp-json\/wp\/v2\/types\/post"}],"author":[{"embeddable":true,"href":"https:\/\/www.lycee-charles-nodier-ac-besancon.fr\/wordpress\/wp-json\/wp\/v2\/users\/105"}],"replies":[{"embeddable":true,"href":"https:\/\/www.lycee-charles-nodier-ac-besancon.fr\/wordpress\/wp-json\/wp\/v2\/comments?post=6009"}],"version-history":[{"count":9,"href":"https:\/\/www.lycee-charles-nodier-ac-besancon.fr\/wordpress\/wp-json\/wp\/v2\/posts\/6009\/revisions"}],"predecessor-version":[{"id":6675,"href":"https:\/\/www.lycee-charles-nodier-ac-besancon.fr\/wordpress\/wp-json\/wp\/v2\/posts\/6009\/revisions\/6675"}],"wp:featuredmedia":[{"embeddable":true,"href":"https:\/\/www.lycee-charles-nodier-ac-besancon.fr\/wordpress\/wp-json\/wp\/v2\/media\/6035"}],"wp:attachment":[{"href":"https:\/\/www.lycee-charles-nodier-ac-besancon.fr\/wordpress\/wp-json\/wp\/v2\/media?parent=6009"}],"wp:term":[{"taxonomy":"category","embeddable":true,"href":"https:\/\/www.lycee-charles-nodier-ac-besancon.fr\/wordpress\/wp-json\/wp\/v2\/categories?post=6009"},{"taxonomy":"post_tag","embeddable":true,"href":"https:\/\/www.lycee-charles-nodier-ac-besancon.fr\/wordpress\/wp-json\/wp\/v2\/tags?post=6009"},{"taxonomy":"author","embeddable":true,"href":"https:\/\/www.lycee-charles-nodier-ac-besancon.fr\/wordpress\/wp-json\/wp\/v2\/coauthors?post=6009"}],"curies":[{"name":"wp","href":"https:\/\/api.w.org\/{rel}","templated":true}]}}