{"id":6115,"date":"2024-03-08T13:55:54","date_gmt":"2024-03-08T12:55:54","guid":{"rendered":"http:\/\/www.lycee-charles-nodier-ac-besancon.fr\/wordpress\/?p=6115"},"modified":"2024-03-28T11:36:44","modified_gmt":"2024-03-28T10:36:44","slug":"conference-sur-leau","status":"publish","type":"post","link":"https:\/\/www.lycee-charles-nodier-ac-besancon.fr\/wordpress\/conference-sur-leau\/","title":{"rendered":"Conf\u00e9rence sur l&rsquo;eau"},"content":{"rendered":"\n<p>L\u2019association Synusieau est intervenue aupr\u00e8s des \u00e9cod\u00e9l\u00e9gu\u00e9s le 1<sup>er<\/sup> f\u00e9vrier 2024.<\/p>\n<p>La question : pourquoi malgr\u00e9 les pluies importantes, les nappes phr\u00e9atiques ont-elles du mal \u00e0 revenir \u00e0 leurs capacit\u00e9s d&rsquo;avant? Comment rem\u00e9dier \u00e0 cette perte hydrique ? Si vous ne connaissez pas la r\u00e9ponse et la voulez, rapprochez vous de vos \u00e9cod\u00e9l\u00e9gu\u00e9s pr\u00e9sents \u00e0 cette r\u00e9union. Ils ont la r\u00e9ponse ! Et ce n&rsquo;est pas forc\u00e9ment celle que l&rsquo;on croit&#8230;.<\/p>\n<p><img loading=\"lazy\" decoding=\"async\" class=\"alignnone size-medium wp-image-6117\" src=\"https:\/\/www.lycee-charles-nodier-ac-besancon.fr\/wordpress\/wp-content\/uploads\/2024\/03\/synusie-300x170.jpg\" alt=\"\" width=\"300\" height=\"170\" srcset=\"https:\/\/www.lycee-charles-nodier-ac-besancon.fr\/wordpress\/wp-content\/uploads\/2024\/03\/synusie-300x170.jpg 300w, https:\/\/www.lycee-charles-nodier-ac-besancon.fr\/wordpress\/wp-content\/uploads\/2024\/03\/synusie-150x85.jpg 150w, https:\/\/www.lycee-charles-nodier-ac-besancon.fr\/wordpress\/wp-content\/uploads\/2024\/03\/synusie-250x142.jpg 250w, https:\/\/www.lycee-charles-nodier-ac-besancon.fr\/wordpress\/wp-content\/uploads\/2024\/03\/synusie.jpg 322w\" sizes=\"auto, (max-width: 300px) 100vw, 300px\" \/><img loading=\"lazy\" decoding=\"async\" class=\"alignnone size-medium wp-image-6118\" src=\"https:\/\/www.lycee-charles-nodier-ac-besancon.fr\/wordpress\/wp-content\/uploads\/2024\/03\/synusie1-300x171.jpg\" alt=\"\" width=\"300\" height=\"171\" srcset=\"https:\/\/www.lycee-charles-nodier-ac-besancon.fr\/wordpress\/wp-content\/uploads\/2024\/03\/synusie1-300x171.jpg 300w, https:\/\/www.lycee-charles-nodier-ac-besancon.fr\/wordpress\/wp-content\/uploads\/2024\/03\/synusie1-150x85.jpg 150w, https:\/\/www.lycee-charles-nodier-ac-besancon.fr\/wordpress\/wp-content\/uploads\/2024\/03\/synusie1-250x142.jpg 250w, https:\/\/www.lycee-charles-nodier-ac-besancon.fr\/wordpress\/wp-content\/uploads\/2024\/03\/synusie1.jpg 323w\" sizes=\"auto, (max-width: 300px) 100vw, 300px\" \/><br \/><br \/><br \/><\/p>\n","protected":false},"excerpt":{"rendered":"<p>L\u2019association Synusieau est intervenue aupr\u00e8s des \u00e9cod\u00e9l\u00e9gu\u00e9s le 1er f\u00e9vrier 2024. La question : pourquoi malgr\u00e9 les pluies importantes, les nappes phr\u00e9atiques ont-elles du mal \u00e0 revenir \u00e0 leurs capacit\u00e9s\u2026<\/p>\n<p> <a class=\"continue-reading-link\" href=\"https:\/\/www.lycee-charles-nodier-ac-besancon.fr\/wordpress\/conference-sur-leau\/\"><span>Lire la suite<\/span><i class=\"crycon-right-dir\"><\/i><\/a> <\/p>\n","protected":false},"author":20,"featured_media":6117,"comment_status":"closed","ping_status":"open","sticky":false,"template":"","format":"standard","meta":{"footnotes":""},"categories":[106],"tags":[],"coauthors":[171],"class_list":["post-6115","post","type-post","status-publish","format-standard","has-post-thumbnail","hentry","category-e3d"],"views":722,"_links":{"self":[{"href":"https:\/\/www.lycee-charles-nodier-ac-besancon.fr\/wordpress\/wp-json\/wp\/v2\/posts\/6115","targetHints":{"allow":["GET"]}}],"collection":[{"href":"https:\/\/www.lycee-charles-nodier-ac-besancon.fr\/wordpress\/wp-json\/wp\/v2\/posts"}],"about":[{"href":"https:\/\/www.lycee-charles-nodier-ac-besancon.fr\/wordpress\/wp-json\/wp\/v2\/types\/post"}],"author":[{"embeddable":true,"href":"https:\/\/www.lycee-charles-nodier-ac-besancon.fr\/wordpress\/wp-json\/wp\/v2\/users\/20"}],"replies":[{"embeddable":true,"href":"https:\/\/www.lycee-charles-nodier-ac-besancon.fr\/wordpress\/wp-json\/wp\/v2\/comments?post=6115"}],"version-history":[{"count":3,"href":"https:\/\/www.lycee-charles-nodier-ac-besancon.fr\/wordpress\/wp-json\/wp\/v2\/posts\/6115\/revisions"}],"predecessor-version":[{"id":6203,"href":"https:\/\/www.lycee-charles-nodier-ac-besancon.fr\/wordpress\/wp-json\/wp\/v2\/posts\/6115\/revisions\/6203"}],"wp:featuredmedia":[{"embeddable":true,"href":"https:\/\/www.lycee-charles-nodier-ac-besancon.fr\/wordpress\/wp-json\/wp\/v2\/media\/6117"}],"wp:attachment":[{"href":"https:\/\/www.lycee-charles-nodier-ac-besancon.fr\/wordpress\/wp-json\/wp\/v2\/media?parent=6115"}],"wp:term":[{"taxonomy":"category","embeddable":true,"href":"https:\/\/www.lycee-charles-nodier-ac-besancon.fr\/wordpress\/wp-json\/wp\/v2\/categories?post=6115"},{"taxonomy":"post_tag","embeddable":true,"href":"https:\/\/www.lycee-charles-nodier-ac-besancon.fr\/wordpress\/wp-json\/wp\/v2\/tags?post=6115"},{"taxonomy":"author","embeddable":true,"href":"https:\/\/www.lycee-charles-nodier-ac-besancon.fr\/wordpress\/wp-json\/wp\/v2\/coauthors?post=6115"}],"curies":[{"name":"wp","href":"https:\/\/api.w.org\/{rel}","templated":true}]}}