{"id":6123,"date":"2024-03-21T07:08:42","date_gmt":"2024-03-21T06:08:42","guid":{"rendered":"http:\/\/www.lycee-charles-nodier-ac-besancon.fr\/wordpress\/?p=6123"},"modified":"2024-03-21T07:08:43","modified_gmt":"2024-03-21T06:08:43","slug":"les-eleves-du-lycee-nodier-fetent-le-printemps-des-poetes","status":"publish","type":"post","link":"https:\/\/www.lycee-charles-nodier-ac-besancon.fr\/wordpress\/les-eleves-du-lycee-nodier-fetent-le-printemps-des-poetes\/","title":{"rendered":"Les \u00e9l\u00e8ves du lyc\u00e9e Nodier f\u00eatent \u00ab\u00a0le Printemps des po\u00e8tes\u00a0\u00bb"},"content":{"rendered":"\n<div class=\"wp-block-group\"><div class=\"wp-block-group__inner-container is-layout-constrained wp-block-group-is-layout-constrained\">\n<p align=\"justify\">Jeudi 14 mars apr\u00e8s-midi, dans la cour du lyc\u00e9e Nodier, les \u00e9l\u00e8ves de seconde 8 ont pr\u00e9sent\u00e9 un petit spectacle litt\u00e9raire, po\u00e9tique et musical \u00ab\u00a0Mignonne allons-voir&#8230;\u00a0\u00bb en collaboration avec les \u00e9l\u00e8ves de seconde \u00ab\u00a0option musique\u00a0\u00bb.<\/p>\n<p align=\"justify\">En cours de fran\u00e7ais, les \u00e9l\u00e8ves de seconde 8 ont \u00e9crit des sonnets, blasons et contre-blasons \u00e0 partir de l\u2019incipit de po\u00e8mes c\u00e9l\u00e8bres, notamment des classiques du XVI<sup>\u00e8me<\/sup> si\u00e8cle de J. Du Bellay et P. De Ronsard. Des po\u00e8mes au programme de seconde qu\u2019ils ont \u00e9tudi\u00e9s en cours. 4 des 23 po\u00e8mes \u00e9crits par les lyc\u00e9ens ont \u00e9t\u00e9 choisis et mis en musique par les \u00e9l\u00e8ves de seconde \u00ab\u00a0option musique\u00a0\u00bb\u00a0! Un beau moment de po\u00e9sie sous le soleil d\u2019un apr\u00e8s-midi pas comme les autres\u00a0!<\/p>\n<p style=\"text-align: left;\" align=\"justify\">Elizabeth Lyet et C\u00e9cile Delavelle (professeures de fran\u00e7ais et de musique)<img loading=\"lazy\" decoding=\"async\" class=\"alignnone wp-image-6124 size-large\" src=\"https:\/\/www.lycee-charles-nodier-ac-besancon.fr\/wordpress\/wp-content\/uploads\/2024\/03\/P1080099-1024x769.jpg\" alt=\"\" width=\"950\" height=\"713\" srcset=\"https:\/\/www.lycee-charles-nodier-ac-besancon.fr\/wordpress\/wp-content\/uploads\/2024\/03\/P1080099-1024x769.jpg 1024w, https:\/\/www.lycee-charles-nodier-ac-besancon.fr\/wordpress\/wp-content\/uploads\/2024\/03\/P1080099-300x225.jpg 300w, https:\/\/www.lycee-charles-nodier-ac-besancon.fr\/wordpress\/wp-content\/uploads\/2024\/03\/P1080099-768x577.jpg 768w, https:\/\/www.lycee-charles-nodier-ac-besancon.fr\/wordpress\/wp-content\/uploads\/2024\/03\/P1080099-1536x1153.jpg 1536w, https:\/\/www.lycee-charles-nodier-ac-besancon.fr\/wordpress\/wp-content\/uploads\/2024\/03\/P1080099-2048x1538.jpg 2048w, https:\/\/www.lycee-charles-nodier-ac-besancon.fr\/wordpress\/wp-content\/uploads\/2024\/03\/P1080099-150x113.jpg 150w, https:\/\/www.lycee-charles-nodier-ac-besancon.fr\/wordpress\/wp-content\/uploads\/2024\/03\/P1080099-416x311.jpg 416w, https:\/\/www.lycee-charles-nodier-ac-besancon.fr\/wordpress\/wp-content\/uploads\/2024\/03\/P1080099-200x150.jpg 200w\" sizes=\"auto, (max-width: 950px) 100vw, 950px\" \/> <img loading=\"lazy\" decoding=\"async\" class=\"alignleft wp-image-6125 size-large\" src=\"https:\/\/www.lycee-charles-nodier-ac-besancon.fr\/wordpress\/wp-content\/uploads\/2024\/03\/P1080101-1024x769.jpg\" alt=\"\" width=\"950\" height=\"713\" srcset=\"https:\/\/www.lycee-charles-nodier-ac-besancon.fr\/wordpress\/wp-content\/uploads\/2024\/03\/P1080101-1024x769.jpg 1024w, https:\/\/www.lycee-charles-nodier-ac-besancon.fr\/wordpress\/wp-content\/uploads\/2024\/03\/P1080101-300x225.jpg 300w, https:\/\/www.lycee-charles-nodier-ac-besancon.fr\/wordpress\/wp-content\/uploads\/2024\/03\/P1080101-768x577.jpg 768w, https:\/\/www.lycee-charles-nodier-ac-besancon.fr\/wordpress\/wp-content\/uploads\/2024\/03\/P1080101-1536x1153.jpg 1536w, https:\/\/www.lycee-charles-nodier-ac-besancon.fr\/wordpress\/wp-content\/uploads\/2024\/03\/P1080101-2048x1538.jpg 2048w, https:\/\/www.lycee-charles-nodier-ac-besancon.fr\/wordpress\/wp-content\/uploads\/2024\/03\/P1080101-150x113.jpg 150w, https:\/\/www.lycee-charles-nodier-ac-besancon.fr\/wordpress\/wp-content\/uploads\/2024\/03\/P1080101-416x311.jpg 416w, https:\/\/www.lycee-charles-nodier-ac-besancon.fr\/wordpress\/wp-content\/uploads\/2024\/03\/P1080101-200x150.jpg 200w\" sizes=\"auto, (max-width: 950px) 100vw, 950px\" \/><img loading=\"lazy\" decoding=\"async\" class=\"alignnone wp-image-6130 size-large\" src=\"https:\/\/www.lycee-charles-nodier-ac-besancon.fr\/wordpress\/wp-content\/uploads\/2024\/03\/P1080094-769x1024.jpg\" alt=\"\" width=\"769\" height=\"1024\" srcset=\"https:\/\/www.lycee-charles-nodier-ac-besancon.fr\/wordpress\/wp-content\/uploads\/2024\/03\/P1080094-769x1024.jpg 769w, https:\/\/www.lycee-charles-nodier-ac-besancon.fr\/wordpress\/wp-content\/uploads\/2024\/03\/P1080094-225x300.jpg 225w, https:\/\/www.lycee-charles-nodier-ac-besancon.fr\/wordpress\/wp-content\/uploads\/2024\/03\/P1080094-768x1023.jpg 768w, https:\/\/www.lycee-charles-nodier-ac-besancon.fr\/wordpress\/wp-content\/uploads\/2024\/03\/P1080094-1153x1536.jpg 1153w, https:\/\/www.lycee-charles-nodier-ac-besancon.fr\/wordpress\/wp-content\/uploads\/2024\/03\/P1080094-1538x2048.jpg 1538w, https:\/\/www.lycee-charles-nodier-ac-besancon.fr\/wordpress\/wp-content\/uploads\/2024\/03\/P1080094-113x150.jpg 113w, https:\/\/www.lycee-charles-nodier-ac-besancon.fr\/wordpress\/wp-content\/uploads\/2024\/03\/P1080094-scaled.jpg 1922w\" sizes=\"auto, (max-width: 769px) 100vw, 769px\" \/> <img loading=\"lazy\" decoding=\"async\" class=\"alignleft wp-image-6128 size-large\" src=\"https:\/\/www.lycee-charles-nodier-ac-besancon.fr\/wordpress\/wp-content\/uploads\/2024\/03\/P1080105-1024x769.jpg\" alt=\"\" width=\"950\" height=\"713\" srcset=\"https:\/\/www.lycee-charles-nodier-ac-besancon.fr\/wordpress\/wp-content\/uploads\/2024\/03\/P1080105-1024x769.jpg 1024w, https:\/\/www.lycee-charles-nodier-ac-besancon.fr\/wordpress\/wp-content\/uploads\/2024\/03\/P1080105-300x225.jpg 300w, https:\/\/www.lycee-charles-nodier-ac-besancon.fr\/wordpress\/wp-content\/uploads\/2024\/03\/P1080105-768x577.jpg 768w, https:\/\/www.lycee-charles-nodier-ac-besancon.fr\/wordpress\/wp-content\/uploads\/2024\/03\/P1080105-1536x1153.jpg 1536w, https:\/\/www.lycee-charles-nodier-ac-besancon.fr\/wordpress\/wp-content\/uploads\/2024\/03\/P1080105-2048x1538.jpg 2048w, https:\/\/www.lycee-charles-nodier-ac-besancon.fr\/wordpress\/wp-content\/uploads\/2024\/03\/P1080105-150x113.jpg 150w, https:\/\/www.lycee-charles-nodier-ac-besancon.fr\/wordpress\/wp-content\/uploads\/2024\/03\/P1080105-416x311.jpg 416w, https:\/\/www.lycee-charles-nodier-ac-besancon.fr\/wordpress\/wp-content\/uploads\/2024\/03\/P1080105-200x150.jpg 200w\" sizes=\"auto, (max-width: 950px) 100vw, 950px\" \/> <img loading=\"lazy\" decoding=\"async\" class=\"alignleft wp-image-6129 size-large\" src=\"https:\/\/www.lycee-charles-nodier-ac-besancon.fr\/wordpress\/wp-content\/uploads\/2024\/03\/Printemps-des-poetes-visuel-724x1024.jpg\" alt=\"\" width=\"724\" height=\"1024\" srcset=\"https:\/\/www.lycee-charles-nodier-ac-besancon.fr\/wordpress\/wp-content\/uploads\/2024\/03\/Printemps-des-poetes-visuel-724x1024.jpg 724w, https:\/\/www.lycee-charles-nodier-ac-besancon.fr\/wordpress\/wp-content\/uploads\/2024\/03\/Printemps-des-poetes-visuel-212x300.jpg 212w, https:\/\/www.lycee-charles-nodier-ac-besancon.fr\/wordpress\/wp-content\/uploads\/2024\/03\/Printemps-des-poetes-visuel-768x1086.jpg 768w, https:\/\/www.lycee-charles-nodier-ac-besancon.fr\/wordpress\/wp-content\/uploads\/2024\/03\/Printemps-des-poetes-visuel-1086x1536.jpg 1086w, https:\/\/www.lycee-charles-nodier-ac-besancon.fr\/wordpress\/wp-content\/uploads\/2024\/03\/Printemps-des-poetes-visuel-106x150.jpg 106w, https:\/\/www.lycee-charles-nodier-ac-besancon.fr\/wordpress\/wp-content\/uploads\/2024\/03\/Printemps-des-poetes-visuel.jpg 1414w\" sizes=\"auto, (max-width: 724px) 100vw, 724px\" \/><\/p>\n<\/div><\/div>\n","protected":false},"excerpt":{"rendered":"<p>Jeudi 14 mars apr\u00e8s-midi, dans la cour du lyc\u00e9e Nodier, les \u00e9l\u00e8ves de seconde 8 ont pr\u00e9sent\u00e9 un petit spectacle litt\u00e9raire, po\u00e9tique et musical \u00ab\u00a0Mignonne allons-voir&#8230;\u00a0\u00bb en collaboration avec les\u2026<\/p>\n<p> <a class=\"continue-reading-link\" href=\"https:\/\/www.lycee-charles-nodier-ac-besancon.fr\/wordpress\/les-eleves-du-lycee-nodier-fetent-le-printemps-des-poetes\/\"><span>Lire la suite<\/span><i class=\"crycon-right-dir\"><\/i><\/a> <\/p>\n","protected":false},"author":21,"featured_media":6124,"comment_status":"closed","ping_status":"open","sticky":false,"template":"","format":"standard","meta":{"footnotes":""},"categories":[63,92,10,60,91,93,35],"tags":[],"coauthors":[172],"class_list":["post-6123","post","type-post","status-publish","format-standard","has-post-thumbnail","hentry","category-edu_musicale","category-eleves","category-2nde","category-francais","category-parents","category-personnels","category-spectacles_concerts"],"views":811,"_links":{"self":[{"href":"https:\/\/www.lycee-charles-nodier-ac-besancon.fr\/wordpress\/wp-json\/wp\/v2\/posts\/6123","targetHints":{"allow":["GET"]}}],"collection":[{"href":"https:\/\/www.lycee-charles-nodier-ac-besancon.fr\/wordpress\/wp-json\/wp\/v2\/posts"}],"about":[{"href":"https:\/\/www.lycee-charles-nodier-ac-besancon.fr\/wordpress\/wp-json\/wp\/v2\/types\/post"}],"author":[{"embeddable":true,"href":"https:\/\/www.lycee-charles-nodier-ac-besancon.fr\/wordpress\/wp-json\/wp\/v2\/users\/21"}],"replies":[{"embeddable":true,"href":"https:\/\/www.lycee-charles-nodier-ac-besancon.fr\/wordpress\/wp-json\/wp\/v2\/comments?post=6123"}],"version-history":[{"count":4,"href":"https:\/\/www.lycee-charles-nodier-ac-besancon.fr\/wordpress\/wp-json\/wp\/v2\/posts\/6123\/revisions"}],"predecessor-version":[{"id":6136,"href":"https:\/\/www.lycee-charles-nodier-ac-besancon.fr\/wordpress\/wp-json\/wp\/v2\/posts\/6123\/revisions\/6136"}],"wp:featuredmedia":[{"embeddable":true,"href":"https:\/\/www.lycee-charles-nodier-ac-besancon.fr\/wordpress\/wp-json\/wp\/v2\/media\/6124"}],"wp:attachment":[{"href":"https:\/\/www.lycee-charles-nodier-ac-besancon.fr\/wordpress\/wp-json\/wp\/v2\/media?parent=6123"}],"wp:term":[{"taxonomy":"category","embeddable":true,"href":"https:\/\/www.lycee-charles-nodier-ac-besancon.fr\/wordpress\/wp-json\/wp\/v2\/categories?post=6123"},{"taxonomy":"post_tag","embeddable":true,"href":"https:\/\/www.lycee-charles-nodier-ac-besancon.fr\/wordpress\/wp-json\/wp\/v2\/tags?post=6123"},{"taxonomy":"author","embeddable":true,"href":"https:\/\/www.lycee-charles-nodier-ac-besancon.fr\/wordpress\/wp-json\/wp\/v2\/coauthors?post=6123"}],"curies":[{"name":"wp","href":"https:\/\/api.w.org\/{rel}","templated":true}]}}