{"id":6260,"date":"2024-04-29T14:04:16","date_gmt":"2024-04-29T12:04:16","guid":{"rendered":"http:\/\/www.lycee-charles-nodier-ac-besancon.fr\/wordpress\/?p=6260"},"modified":"2024-04-29T14:04:17","modified_gmt":"2024-04-29T12:04:17","slug":"dons-restos-du-coeur","status":"publish","type":"post","link":"https:\/\/www.lycee-charles-nodier-ac-besancon.fr\/wordpress\/dons-restos-du-coeur\/","title":{"rendered":"Dons Restos du c\u0153ur"},"content":{"rendered":"\n<p><img loading=\"lazy\" decoding=\"async\" class=\"alignnone size-full wp-image-6259\" src=\"https:\/\/www.lycee-charles-nodier-ac-besancon.fr\/wordpress\/wp-content\/uploads\/2024\/04\/restos.png\" alt=\"\" width=\"1100\" height=\"350\" srcset=\"https:\/\/www.lycee-charles-nodier-ac-besancon.fr\/wordpress\/wp-content\/uploads\/2024\/04\/restos.png 1100w, https:\/\/www.lycee-charles-nodier-ac-besancon.fr\/wordpress\/wp-content\/uploads\/2024\/04\/restos-300x95.png 300w, https:\/\/www.lycee-charles-nodier-ac-besancon.fr\/wordpress\/wp-content\/uploads\/2024\/04\/restos-1024x326.png 1024w, https:\/\/www.lycee-charles-nodier-ac-besancon.fr\/wordpress\/wp-content\/uploads\/2024\/04\/restos-768x244.png 768w, https:\/\/www.lycee-charles-nodier-ac-besancon.fr\/wordpress\/wp-content\/uploads\/2024\/04\/restos-150x48.png 150w, https:\/\/www.lycee-charles-nodier-ac-besancon.fr\/wordpress\/wp-content\/uploads\/2024\/04\/restos-250x80.png 250w\" sizes=\"auto, (max-width: 1100px) 100vw, 1100px\" \/><\/p>\n<p><strong>COLLECTE pour les Restos du C\u0153ur du 29 avril\u00a0 au 11 mai 2023<\/strong><br \/>\u00a0<br \/>Cette ann\u00e9e, remplissez des \u00a0CARTONS \u00e0 DONS que vous rapporterez\u00a0 au BVS<br \/>(Nous acceptons aussi les sacs)<br \/>\u00a0<br \/>Les informations sur les besoins de dons se trouvent sur l&rsquo;affiche (pi\u00e8ce jointe \u00e0 ouvrir)<br \/>Cette action solidaire \u00a0men\u00e9e par les \u00e9l\u00e8ves, \u00a0en partenariat avec Info Jeunes Dole, met en avant l&rsquo;implication et la responsabilisation des \u00e9l\u00e8ves.<br \/>\u00a0<\/p>\n\n\n\n\n\n<div data-wp-interactive=\"core\/file\" class=\"wp-block-file\"><object data-wp-bind--hidden=\"!state.hasPdfPreview\" hidden class=\"wp-block-file__embed\" data=\"https:\/\/www.lycee-charles-nodier-ac-besancon.fr\/wordpress\/wp-content\/uploads\/2024\/04\/Affiche-RESTOS-du-COEUR.pdf\" type=\"application\/pdf\" style=\"width:100%;height:600px\" aria-label=\"Contenu embarqu\u00e9 Affiche-RESTOS-du-COEUR.\"><\/object><a id=\"wp-block-file--media-8c7bb845-6d15-472a-b839-39697dbe7d8c\" href=\"https:\/\/www.lycee-charles-nodier-ac-besancon.fr\/wordpress\/wp-content\/uploads\/2024\/04\/Affiche-RESTOS-du-COEUR.pdf\">Affiche-RESTOS-du-COEUR<\/a><a href=\"https:\/\/www.lycee-charles-nodier-ac-besancon.fr\/wordpress\/wp-content\/uploads\/2024\/04\/Affiche-RESTOS-du-COEUR.pdf\" class=\"wp-block-file__button wp-element-button\" download aria-describedby=\"wp-block-file--media-8c7bb845-6d15-472a-b839-39697dbe7d8c\">T\u00e9l\u00e9charger<\/a><\/div>\n","protected":false},"excerpt":{"rendered":"<p>COLLECTE pour les Restos du C\u0153ur du 29 avril\u00a0 au 11 mai 2023\u00a0Cette ann\u00e9e, remplissez des \u00a0CARTONS \u00e0 DONS que vous rapporterez\u00a0 au BVS(Nous acceptons aussi les sacs)\u00a0Les informations sur\u2026<\/p>\n<p> <a class=\"continue-reading-link\" href=\"https:\/\/www.lycee-charles-nodier-ac-besancon.fr\/wordpress\/dons-restos-du-coeur\/\"><span>Lire la suite<\/span><i class=\"crycon-right-dir\"><\/i><\/a> <\/p>\n","protected":false},"author":2,"featured_media":6259,"comment_status":"closed","ping_status":"open","sticky":false,"template":"","format":"standard","meta":{"footnotes":""},"categories":[106],"tags":[],"coauthors":[164],"class_list":["post-6260","post","type-post","status-publish","format-standard","has-post-thumbnail","hentry","category-e3d"],"views":836,"_links":{"self":[{"href":"https:\/\/www.lycee-charles-nodier-ac-besancon.fr\/wordpress\/wp-json\/wp\/v2\/posts\/6260","targetHints":{"allow":["GET"]}}],"collection":[{"href":"https:\/\/www.lycee-charles-nodier-ac-besancon.fr\/wordpress\/wp-json\/wp\/v2\/posts"}],"about":[{"href":"https:\/\/www.lycee-charles-nodier-ac-besancon.fr\/wordpress\/wp-json\/wp\/v2\/types\/post"}],"author":[{"embeddable":true,"href":"https:\/\/www.lycee-charles-nodier-ac-besancon.fr\/wordpress\/wp-json\/wp\/v2\/users\/2"}],"replies":[{"embeddable":true,"href":"https:\/\/www.lycee-charles-nodier-ac-besancon.fr\/wordpress\/wp-json\/wp\/v2\/comments?post=6260"}],"version-history":[{"count":1,"href":"https:\/\/www.lycee-charles-nodier-ac-besancon.fr\/wordpress\/wp-json\/wp\/v2\/posts\/6260\/revisions"}],"predecessor-version":[{"id":6263,"href":"https:\/\/www.lycee-charles-nodier-ac-besancon.fr\/wordpress\/wp-json\/wp\/v2\/posts\/6260\/revisions\/6263"}],"wp:featuredmedia":[{"embeddable":true,"href":"https:\/\/www.lycee-charles-nodier-ac-besancon.fr\/wordpress\/wp-json\/wp\/v2\/media\/6259"}],"wp:attachment":[{"href":"https:\/\/www.lycee-charles-nodier-ac-besancon.fr\/wordpress\/wp-json\/wp\/v2\/media?parent=6260"}],"wp:term":[{"taxonomy":"category","embeddable":true,"href":"https:\/\/www.lycee-charles-nodier-ac-besancon.fr\/wordpress\/wp-json\/wp\/v2\/categories?post=6260"},{"taxonomy":"post_tag","embeddable":true,"href":"https:\/\/www.lycee-charles-nodier-ac-besancon.fr\/wordpress\/wp-json\/wp\/v2\/tags?post=6260"},{"taxonomy":"author","embeddable":true,"href":"https:\/\/www.lycee-charles-nodier-ac-besancon.fr\/wordpress\/wp-json\/wp\/v2\/coauthors?post=6260"}],"curies":[{"name":"wp","href":"https:\/\/api.w.org\/{rel}","templated":true}]}}