{"id":627,"date":"2016-07-13T12:38:23","date_gmt":"2016-07-13T10:38:23","guid":{"rendered":"http:\/\/www.lycee-charles-nodier-ac-besancon.fr\/wordpress\/?p=627"},"modified":"2016-07-26T13:47:09","modified_gmt":"2016-07-26T11:47:09","slug":"programmes-de-svt","status":"publish","type":"post","link":"https:\/\/www.lycee-charles-nodier-ac-besancon.fr\/wordpress\/programmes-de-svt\/","title":{"rendered":"Programmes de SVT"},"content":{"rendered":"<p>Cet article pr\u00e9sente les programmes de SVT de la seconde \u00e0 la terminale.<\/p>\n<p>Les programmes s\u2019articulent de la seconde \u00e0 la terminale autour de trois grandes th\u00e9matiques structurantes\u00a0:<\/p>\n<p>Th\u00e8me 1\u00a0: La Terre dans l\u2019Univers, la vie et l\u2019\u00e9volution du vivant.<br \/>\nTh\u00e8me 2\u00a0: Enjeux plan\u00e9taires contemporains.<br \/>\nTh\u00e8me 3\u00a0: Corps humain et sant\u00e9<\/p>\n<p>&nbsp;<\/p>\n<h2><strong>En classe de 2nde<\/strong><\/h2>\n<ul style=\"list-style-type: square;\">\n<li><strong>Th\u00e8me 1 \u2013 La Terre dans l\u2019Univers, la vie et l\u2019\u00e9volution du vivant\u00a0: une plan\u00e8te habit\u00e9e<\/strong><\/li>\n<\/ul>\n<p><img loading=\"lazy\" decoding=\"async\" class=\"size-full wp-image-629 aligncenter\" src=\"https:\/\/www.lycee-charles-nodier-ac-besancon.fr\/wordpress\/wp-content\/uploads\/2016\/07\/svt2.jpg\" alt=\"svt2\" width=\"650\" height=\"109\" srcset=\"https:\/\/www.lycee-charles-nodier-ac-besancon.fr\/wordpress\/wp-content\/uploads\/2016\/07\/svt2.jpg 650w, https:\/\/www.lycee-charles-nodier-ac-besancon.fr\/wordpress\/wp-content\/uploads\/2016\/07\/svt2-300x50.jpg 300w\" sizes=\"auto, (max-width: 650px) 100vw, 650px\" \/><\/p>\n<p>Les conditions de la vie\u00a0: une particularit\u00e9 de la Terre\u00a0?<br \/>\nLa nature du vivant (mol\u00e9cules, m\u00e9tabolisme, ADN&#8230;)<br \/>\nLa biodiversit\u00e9, r\u00e9sultat et \u00e9tape de l\u2019\u00e9volution (plan d\u2019organisation, biodiversit\u00e9 actuelle et pass\u00e9, relations de parent\u00e9, s\u00e9lection naturelle,&#8230;)<\/p>\n<ul style=\"list-style-type: square;\">\n<li><strong>Th\u00e8me 2 \u2013 Enjeux plan\u00e9taires contemporains\u00a0: \u00e9nergie, sol<\/strong><\/li>\n<\/ul>\n<p><img loading=\"lazy\" decoding=\"async\" class=\"size-full wp-image-630 aligncenter\" src=\"https:\/\/www.lycee-charles-nodier-ac-besancon.fr\/wordpress\/wp-content\/uploads\/2016\/07\/svt2-2.jpg\" alt=\"svt2-2\" width=\"650\" height=\"114\" srcset=\"https:\/\/www.lycee-charles-nodier-ac-besancon.fr\/wordpress\/wp-content\/uploads\/2016\/07\/svt2-2.jpg 650w, https:\/\/www.lycee-charles-nodier-ac-besancon.fr\/wordpress\/wp-content\/uploads\/2016\/07\/svt2-2-300x53.jpg 300w\" sizes=\"auto, (max-width: 650px) 100vw, 650px\" \/><\/p>\n<p>Le soleil\u00a0: une source d\u2019\u00e9nergie essentielle (photosynth\u00e8se, formation des combustibles fossiles, \u00e9nergies renouvelables&#8230;)<br \/>\nLe sol\u00a0: un patrimoine durable\u00a0? (eau et sols, ressources fragiles et in\u00e9galement r\u00e9parties)<\/p>\n<ul style=\"list-style-type: square;\">\n<li><strong>Th\u00e8me 3 \u2013 Corps humain et sant\u00e9\u00a0: l\u2019exercice physique<\/strong><\/li>\n<\/ul>\n<p><img loading=\"lazy\" decoding=\"async\" class=\"size-full wp-image-631 aligncenter\" src=\"https:\/\/www.lycee-charles-nodier-ac-besancon.fr\/wordpress\/wp-content\/uploads\/2016\/07\/svt2-3.jpg\" alt=\"svt2-3\" width=\"650\" height=\"109\" srcset=\"https:\/\/www.lycee-charles-nodier-ac-besancon.fr\/wordpress\/wp-content\/uploads\/2016\/07\/svt2-3.jpg 650w, https:\/\/www.lycee-charles-nodier-ac-besancon.fr\/wordpress\/wp-content\/uploads\/2016\/07\/svt2-3-300x50.jpg 300w\" sizes=\"auto, (max-width: 650px) 100vw, 650px\" \/><\/p>\n<p>Des modifications physiologiques \u00e0 l\u2019effort (activit\u00e9s respiratoire et cardiaque)<br \/>\nUne boucle de r\u00e9gulation nerveuse (pression art\u00e9rielle et sa r\u00e9gulation nerveuse)<\/p>\n<h2><strong>En classe de 1re L\/ES<\/strong><\/h2>\n<p><em>Le programme de sciences est commun SVT \/ Physique-Chimie<\/em><\/p>\n<ul style=\"list-style-type: square;\">\n<li><strong>Repr\u00e9sentation visuelle<\/strong><\/li>\n<\/ul>\n<p><img loading=\"lazy\" decoding=\"async\" class=\"size-full wp-image-632 aligncenter\" src=\"https:\/\/www.lycee-charles-nodier-ac-besancon.fr\/wordpress\/wp-content\/uploads\/2016\/07\/svt1s3c.jpg\" alt=\"svt1s3c\" width=\"650\" height=\"108\" srcset=\"https:\/\/www.lycee-charles-nodier-ac-besancon.fr\/wordpress\/wp-content\/uploads\/2016\/07\/svt1s3c.jpg 650w, https:\/\/www.lycee-charles-nodier-ac-besancon.fr\/wordpress\/wp-content\/uploads\/2016\/07\/svt1s3c-300x50.jpg 300w\" sizes=\"auto, (max-width: 650px) 100vw, 650px\" \/><\/p>\n<p>L\u2019\u0153il\u00a0: syst\u00e8me optique et formation des images<br \/>\nL\u2019\u0153il, accommodation, d\u00e9fauts et corrections<br \/>\nFormation des images sur la r\u00e9tine\u00a0; n\u00e9cessit\u00e9 de l\u2019accommodation.<br \/>\nDes photor\u00e9cepteurs au cortex visuel<br \/>\nAires visuelles et perception visuelle, plasticit\u00e9 c\u00e9r\u00e9brale<br \/>\nCouleurs et arts<br \/>\nLa transmission synaptique<br \/>\nLes perturbations chimiques de la perception<\/p>\n<ul style=\"list-style-type: square;\">\n<li><strong>Nourrir l\u2019humanit\u00e9<\/strong><\/li>\n<\/ul>\n<p><img loading=\"lazy\" decoding=\"async\" class=\"size-full wp-image-633 aligncenter\" src=\"https:\/\/www.lycee-charles-nodier-ac-besancon.fr\/wordpress\/wp-content\/uploads\/2016\/07\/svt1s2b.jpg\" alt=\"svt1s2b\" width=\"650\" height=\"105\" srcset=\"https:\/\/www.lycee-charles-nodier-ac-besancon.fr\/wordpress\/wp-content\/uploads\/2016\/07\/svt1s2b.jpg 650w, https:\/\/www.lycee-charles-nodier-ac-besancon.fr\/wordpress\/wp-content\/uploads\/2016\/07\/svt1s2b-300x48.jpg 300w\" sizes=\"auto, (max-width: 650px) 100vw, 650px\" \/><\/p>\n<p>Pratiques alimentaires collectives et perspectives globales<br \/>\nUne agriculture pour nourrir les Hommes<br \/>\nQualit\u00e9 des sols et de l\u2019eau<br \/>\nBiologie des microorganismes et conservation des aliments<br \/>\nConservation des aliments, sant\u00e9 et app\u00e9tence alimentaire<br \/>\nSe nourrir au quotidien\u00a0: exemple des \u00e9mulsions<\/p>\n<ul style=\"list-style-type: square;\">\n<li><strong>F\u00e9minin, masculin<\/strong><\/li>\n<\/ul>\n<p><img loading=\"lazy\" decoding=\"async\" class=\"size-full wp-image-634 aligncenter\" src=\"https:\/\/www.lycee-charles-nodier-ac-besancon.fr\/wordpress\/wp-content\/uploads\/2016\/07\/svt1s3a.jpg\" alt=\"svt1s3a\" width=\"650\" height=\"109\" srcset=\"https:\/\/www.lycee-charles-nodier-ac-besancon.fr\/wordpress\/wp-content\/uploads\/2016\/07\/svt1s3a.jpg 650w, https:\/\/www.lycee-charles-nodier-ac-besancon.fr\/wordpress\/wp-content\/uploads\/2016\/07\/svt1s3a-300x50.jpg 300w\" sizes=\"auto, (max-width: 650px) 100vw, 650px\" \/><\/p>\n<p>Prendre en charge de fa\u00e7on conjointe et responsable sa vie sexuelle<br \/>\nDevenir homme ou femme<br \/>\nVivre sa sexualit\u00e9<\/p>\n<h2><strong>En classe de 1re S<\/strong><\/h2>\n<p><span style=\"text-decoration: underline;\"><strong>Th\u00e8me 1. La Terre dans l\u2019Univers, la vie et l\u2019\u00e9volution du vivant<\/strong><\/span><\/p>\n<ul style=\"list-style-type: square;\">\n<li><strong>Th\u00e8me 1 &#8211; A &#8211; Expression, stabilit\u00e9 et variation du patrimoine g\u00e9n\u00e9tique<\/strong><\/li>\n<\/ul>\n<p><img loading=\"lazy\" decoding=\"async\" class=\"size-full wp-image-635 aligncenter\" src=\"https:\/\/www.lycee-charles-nodier-ac-besancon.fr\/wordpress\/wp-content\/uploads\/2016\/07\/svt1s1a.jpg\" alt=\"svt1s1a\" width=\"650\" height=\"110\" srcset=\"https:\/\/www.lycee-charles-nodier-ac-besancon.fr\/wordpress\/wp-content\/uploads\/2016\/07\/svt1s1a.jpg 650w, https:\/\/www.lycee-charles-nodier-ac-besancon.fr\/wordpress\/wp-content\/uploads\/2016\/07\/svt1s1a-300x51.jpg 300w\" sizes=\"auto, (max-width: 650px) 100vw, 650px\" \/><\/p>\n<p>Reproduction conforme de la cellule et r\u00e9plication de l\u2019ADN (mitose, cycle cellulaire, interphase, &#8230;)<br \/>\nVariabilit\u00e9 g\u00e9n\u00e9tique et mutation de l\u2019ADN (Erreurs de r\u00e9plication, mutations, agents mutag\u00e8nes&#8230;)<br \/>\nL\u2019expression du patrimoine g\u00e9n\u00e9tique (Transcription, ARNm, traduction, code g\u00e9n\u00e9tique&#8230;)<\/p>\n<ul style=\"list-style-type: square;\">\n<li><strong>Th\u00e8me 1 &#8211; B &#8211; La tectonique des plaques\u00a0: l\u2019histoire d\u2019un mod\u00e8le<\/strong><\/li>\n<\/ul>\n<p><img loading=\"lazy\" decoding=\"async\" class=\"size-full wp-image-636 aligncenter\" src=\"https:\/\/www.lycee-charles-nodier-ac-besancon.fr\/wordpress\/wp-content\/uploads\/2016\/07\/svt1s1b.jpg\" alt=\"svt1s1b\" width=\"650\" height=\"106\" srcset=\"https:\/\/www.lycee-charles-nodier-ac-besancon.fr\/wordpress\/wp-content\/uploads\/2016\/07\/svt1s1b.jpg 650w, https:\/\/www.lycee-charles-nodier-ac-besancon.fr\/wordpress\/wp-content\/uploads\/2016\/07\/svt1s1b-300x49.jpg 300w\" sizes=\"auto, (max-width: 650px) 100vw, 650px\" \/><\/p>\n<p>Tectonique\u00a0: naissance d\u2019une th\u00e9orie<br \/>\nL\u2019interpr\u00e9tation actuelle des diff\u00e9rences d\u2019altitude moyennes entre les continents et les oc\u00e9ans<br \/>\nL\u2019hypoth\u00e8se d\u2019une expansion oc\u00e9anique et sa confrontation \u00e0 des constats nouveaux<br \/>\nLes concepts de lithosph\u00e8re et d\u2019asth\u00e9nosph\u00e8re<br \/>\nUn premier mod\u00e8le global\u00a0: une lithosph\u00e8re d\u00e9coup\u00e9e en plaques rigides<br \/>\nLe renforcement du mod\u00e8le par son efficacit\u00e9 pr\u00e9dictive<br \/>\nL\u2019\u00e9volution du mod\u00e8le\u00a0: le renouvellement de la lithosph\u00e8re oc\u00e9anique<\/p>\n<p><span style=\"text-decoration: underline;\"><strong>Th\u00e8me 2 &#8211; Enjeux plan\u00e9taires contemporains<\/strong><\/span><\/p>\n<ul style=\"list-style-type: square;\">\n<li><strong>Th\u00e8me 2 &#8211; A &#8211; Tectonique des plaques et g\u00e9ologie appliqu\u00e9e<\/strong><\/li>\n<\/ul>\n<p><img loading=\"lazy\" decoding=\"async\" class=\"size-full wp-image-637 aligncenter\" src=\"https:\/\/www.lycee-charles-nodier-ac-besancon.fr\/wordpress\/wp-content\/uploads\/2016\/07\/svt1s2a.jpg\" alt=\"svt1s2a\" width=\"650\" height=\"107\" srcset=\"https:\/\/www.lycee-charles-nodier-ac-besancon.fr\/wordpress\/wp-content\/uploads\/2016\/07\/svt1s2a.jpg 650w, https:\/\/www.lycee-charles-nodier-ac-besancon.fr\/wordpress\/wp-content\/uploads\/2016\/07\/svt1s2a-300x49.jpg 300w\" sizes=\"auto, (max-width: 650px) 100vw, 650px\" \/><\/p>\n<p>Premi\u00e8re possibilit\u00e9\u00a0: tectonique des plaques et recherche d\u2019hydrocarbures<br \/>\nDeuxi\u00e8me possibilit\u00e9\u00a0: tectonique des plaques et ressource locale<\/p>\n<ul style=\"list-style-type: square;\">\n<li><strong>Th\u00e8me 2 &#8211; B &#8211; Nourrir l\u2019humanit\u00e9<\/strong><\/li>\n<\/ul>\n<p><img loading=\"lazy\" decoding=\"async\" class=\"size-full wp-image-633 aligncenter\" src=\"https:\/\/www.lycee-charles-nodier-ac-besancon.fr\/wordpress\/wp-content\/uploads\/2016\/07\/svt1s2b.jpg\" alt=\"svt1s2b\" width=\"650\" height=\"105\" srcset=\"https:\/\/www.lycee-charles-nodier-ac-besancon.fr\/wordpress\/wp-content\/uploads\/2016\/07\/svt1s2b.jpg 650w, https:\/\/www.lycee-charles-nodier-ac-besancon.fr\/wordpress\/wp-content\/uploads\/2016\/07\/svt1s2b-300x48.jpg 300w\" sizes=\"auto, (max-width: 650px) 100vw, 650px\" \/><\/p>\n<p>La production v\u00e9g\u00e9tale\u00a0: utilisation de la productivit\u00e9 primaire<br \/>\nLa production animale\u00a0: une rentabilit\u00e9 \u00e9nerg\u00e9tique r\u00e9duite<br \/>\nPratiques alimentaires collectives et perspectives globales<\/p>\n<p><span style=\"text-decoration: underline;\"><strong>Th\u00e8me 3 &#8211; Corps humain et sant\u00e9<\/strong><\/span><\/p>\n<ul style=\"list-style-type: square;\">\n<li><strong>Th\u00e8me 3 &#8211; A &#8211; F\u00e9minin, masculin<\/strong><\/li>\n<\/ul>\n<p><img loading=\"lazy\" decoding=\"async\" class=\"size-full wp-image-634 aligncenter\" src=\"https:\/\/www.lycee-charles-nodier-ac-besancon.fr\/wordpress\/wp-content\/uploads\/2016\/07\/svt1s3a.jpg\" alt=\"svt1s3a\" width=\"650\" height=\"109\" srcset=\"https:\/\/www.lycee-charles-nodier-ac-besancon.fr\/wordpress\/wp-content\/uploads\/2016\/07\/svt1s3a.jpg 650w, https:\/\/www.lycee-charles-nodier-ac-besancon.fr\/wordpress\/wp-content\/uploads\/2016\/07\/svt1s3a-300x50.jpg 300w\" sizes=\"auto, (max-width: 650px) 100vw, 650px\" \/><\/p>\n<p>Devenir femme ou homme (Sexe g\u00e9n\u00e9tique, diff\u00e9renciation des gonades, canaux de Wolff, de M\u00fcller, g\u00e8ne SRY&#8230;).<br \/>\nSexualit\u00e9 et procr\u00e9ation (Gonades, hormones sexuelles, r\u00e9trocontr\u00f4les, m\u00e9thodes contraceptives, IST&#8230;).<br \/>\nSexualit\u00e9 et bases biologiques du plaisir<\/p>\n<ul style=\"list-style-type: square;\">\n<li><strong>Th\u00e8me 3 &#8211; B &#8211; Variation g\u00e9n\u00e9tique et sant\u00e9<\/strong><\/li>\n<\/ul>\n<p><img loading=\"lazy\" decoding=\"async\" class=\"size-full wp-image-639 aligncenter\" src=\"https:\/\/www.lycee-charles-nodier-ac-besancon.fr\/wordpress\/wp-content\/uploads\/2016\/07\/svt1s3b.jpg\" alt=\"svt1s3b\" width=\"650\" height=\"107\" srcset=\"https:\/\/www.lycee-charles-nodier-ac-besancon.fr\/wordpress\/wp-content\/uploads\/2016\/07\/svt1s3b.jpg 650w, https:\/\/www.lycee-charles-nodier-ac-besancon.fr\/wordpress\/wp-content\/uploads\/2016\/07\/svt1s3b-300x49.jpg 300w\" sizes=\"auto, (max-width: 650px) 100vw, 650px\" \/><\/p>\n<p>Patrimoine g\u00e9n\u00e9tique et maladie (th\u00e9rapies, origine multifactorielle,&#8230;)<br \/>\nPerturbation du g\u00e9nome et canc\u00e9risation<br \/>\nVariation g\u00e9n\u00e9tique bact\u00e9rienne et r\u00e9sistance aux antibiotiques<\/p>\n<ul style=\"list-style-type: square;\">\n<li><strong>Th\u00e8me 3 &#8211; C &#8211; De l\u2019\u0153il au cerveau\u00a0: quelques aspects de la vision<\/strong><\/li>\n<\/ul>\n<p><img loading=\"lazy\" decoding=\"async\" class=\"size-full wp-image-632 aligncenter\" src=\"https:\/\/www.lycee-charles-nodier-ac-besancon.fr\/wordpress\/wp-content\/uploads\/2016\/07\/svt1s3c.jpg\" alt=\"svt1s3c\" width=\"650\" height=\"108\" srcset=\"https:\/\/www.lycee-charles-nodier-ac-besancon.fr\/wordpress\/wp-content\/uploads\/2016\/07\/svt1s3c.jpg 650w, https:\/\/www.lycee-charles-nodier-ac-besancon.fr\/wordpress\/wp-content\/uploads\/2016\/07\/svt1s3c-300x50.jpg 300w\" sizes=\"auto, (max-width: 650px) 100vw, 650px\" \/><\/p>\n<p>L\u2019\u0153il, organe de la vision (cristallin, r\u00e9tine&#8230;)<br \/>\nLes photor\u00e9cepteurs\u00a0: un produit de l\u2019\u00e9volution (opsines, vision des couleurs&#8230;)<br \/>\nCerveau et vision\u00a0: aires c\u00e9r\u00e9brales et plasticit\u00e9 (cortex visuel, perception, plasticit\u00e9 c\u00e9r\u00e9brale&#8230;)<\/p>\n<h2><strong>En Terminale S<\/strong><\/h2>\n<p><span style=\"text-decoration: underline;\"><strong>Th\u00e8me 1 &#8211; La Terre dans l\u2019Univers, la vie et l\u2019\u00e9volution de la vie<\/strong><\/span><\/p>\n<ul style=\"list-style-type: square;\">\n<li><strong>Th\u00e8me 1 &#8211; A\u00a0: G\u00e9n\u00e9tique et \u00e9volution<\/strong><\/li>\n<\/ul>\n<p><img loading=\"lazy\" decoding=\"async\" class=\"size-full wp-image-638 aligncenter\" src=\"https:\/\/www.lycee-charles-nodier-ac-besancon.fr\/wordpress\/wp-content\/uploads\/2016\/07\/svtts1a.jpg\" alt=\"svtts1a\" width=\"650\" height=\"106\" srcset=\"https:\/\/www.lycee-charles-nodier-ac-besancon.fr\/wordpress\/wp-content\/uploads\/2016\/07\/svtts1a.jpg 650w, https:\/\/www.lycee-charles-nodier-ac-besancon.fr\/wordpress\/wp-content\/uploads\/2016\/07\/svtts1a-300x49.jpg 300w\" sizes=\"auto, (max-width: 650px) 100vw, 650px\" \/><\/p>\n<p>A-1 Le brassage g\u00e9n\u00e9tique et sa contribution \u00e0 la diversit\u00e9 g\u00e9n\u00e9tique (m\u00e9iose, brassage interchromosomique, brassage intrachromosomique&#8230;)<br \/>\nA-2 Diversification g\u00e9n\u00e9tique et diversification des \u00eatres vivants (symbiose, transfert horizontal de g\u00e8nes&#8230;)<br \/>\nA-3 De la diversification des \u00eatres vivants \u00e0 l\u2019\u00e9volution de la biodiversit\u00e9 (d\u00e9finition esp\u00e8ce, d\u00e9rive g\u00e9n\u00e9tique, s\u00e9lection naturelle&#8230;)<br \/>\nA-4 Un regard sur l\u2019\u00e9volution de l\u2019Homme (Primates, anc\u00eatres communs&#8230;)<br \/>\nA-5 Les relations entre organisation et mode de vie, r\u00e9sultats de l\u2019\u00e9volution\u00a0: l\u2019exemple de la vie fix\u00e9e chez les plantes (Echanges, s\u00e8ve brute, s\u00e8ve \u00e9labor\u00e9e, fleur, pollinisation, graine, co\u00e9volution&#8230;)<\/p>\n<ul style=\"list-style-type: square;\">\n<li><strong>Th\u00e8me 1 &#8211; B\u00a0: Le domaine continental et sa dynamique<\/strong><\/li>\n<\/ul>\n<p><img loading=\"lazy\" decoding=\"async\" class=\"size-full wp-image-640 aligncenter\" src=\"https:\/\/www.lycee-charles-nodier-ac-besancon.fr\/wordpress\/wp-content\/uploads\/2016\/07\/svtts1b.jpg\" alt=\"svtts1b\" width=\"650\" height=\"106\" srcset=\"https:\/\/www.lycee-charles-nodier-ac-besancon.fr\/wordpress\/wp-content\/uploads\/2016\/07\/svtts1b.jpg 650w, https:\/\/www.lycee-charles-nodier-ac-besancon.fr\/wordpress\/wp-content\/uploads\/2016\/07\/svtts1b-300x49.jpg 300w\" sizes=\"auto, (max-width: 650px) 100vw, 650px\" \/><\/p>\n<p>B-1 La caract\u00e9risation du domaine continental\u00a0: lithosph\u00e8re continentale, reliefs et \u00e9paisseur crustale (isostasie, racine crustale, indices tectoniques&#8230;)<br \/>\nB-2 La convergence lithosph\u00e9rique\u00a0: contexte de la formation des cha\u00eenes de montagnes (subduction, ophiolites, m\u00e9tamorphisme, collision&#8230;)<br \/>\nB-3 Le magmatisme en zone de subduction\u00a0: une production de nouveaux mat\u00e9riaux continentaux (volcanisme explosif, and\u00e9site, fusion partielle&#8230;)<br \/>\nB-4 La disparition des reliefs (alt\u00e9ration, \u00e9rosion, &#8230;)<\/p>\n<p><span style=\"text-decoration: underline;\"><strong>Th\u00e8me 2 &#8211; Enjeux plan\u00e9taires contemporains<\/strong><\/span><\/p>\n<ul style=\"list-style-type: square;\">\n<li><strong>Th\u00e8me 2 &#8211; A\u00a0: G\u00e9othermie et propri\u00e9t\u00e9s thermiques de la Terre<\/strong><\/li>\n<\/ul>\n<p><img loading=\"lazy\" decoding=\"async\" class=\"size-full wp-image-641 aligncenter\" src=\"https:\/\/www.lycee-charles-nodier-ac-besancon.fr\/wordpress\/wp-content\/uploads\/2016\/07\/svtts2a.jpg\" alt=\"svtts2a\" width=\"650\" height=\"106\" srcset=\"https:\/\/www.lycee-charles-nodier-ac-besancon.fr\/wordpress\/wp-content\/uploads\/2016\/07\/svtts2a.jpg 650w, https:\/\/www.lycee-charles-nodier-ac-besancon.fr\/wordpress\/wp-content\/uploads\/2016\/07\/svtts2a-300x49.jpg 300w\" sizes=\"auto, (max-width: 650px) 100vw, 650px\" \/><\/p>\n<p>Flux thermique, convection, conduction, \u00e9nergie g\u00e9othermique.<\/p>\n<ul style=\"list-style-type: square;\">\n<li><strong>Th\u00e8me 2 &#8211; B\u00a0: La plante domestiqu\u00e9e<\/strong><\/li>\n<\/ul>\n<p><img loading=\"lazy\" decoding=\"async\" class=\"size-full wp-image-642 aligncenter\" src=\"https:\/\/www.lycee-charles-nodier-ac-besancon.fr\/wordpress\/wp-content\/uploads\/2016\/07\/svtts2b.jpg\" alt=\"svtts2b\" width=\"650\" height=\"106\" srcset=\"https:\/\/www.lycee-charles-nodier-ac-besancon.fr\/wordpress\/wp-content\/uploads\/2016\/07\/svtts2b.jpg 650w, https:\/\/www.lycee-charles-nodier-ac-besancon.fr\/wordpress\/wp-content\/uploads\/2016\/07\/svtts2b-300x49.jpg 300w\" sizes=\"auto, (max-width: 650px) 100vw, 650px\" \/><\/p>\n<p>S\u00e9lection g\u00e9n\u00e9tique des plantes\u00a0; g\u00e9nie g\u00e9n\u00e9tique.<\/p>\n<p><span style=\"text-decoration: underline;\"><strong>Th\u00e8me 3 &#8211; Corps humain et sant\u00e9<\/strong><\/span><\/p>\n<ul style=\"list-style-type: square;\">\n<li><strong>Th\u00e8me 3 &#8211; A\u00a0: Le maintien de l\u2019int\u00e9grit\u00e9 de l\u2019organisme\u00a0: quelques aspects de la r\u00e9action immunitaire<\/strong><\/li>\n<\/ul>\n<p><img loading=\"lazy\" decoding=\"async\" class=\"size-full wp-image-643 aligncenter\" src=\"https:\/\/www.lycee-charles-nodier-ac-besancon.fr\/wordpress\/wp-content\/uploads\/2016\/07\/svtts3a.jpg\" alt=\"svtts3a\" width=\"650\" height=\"106\" srcset=\"https:\/\/www.lycee-charles-nodier-ac-besancon.fr\/wordpress\/wp-content\/uploads\/2016\/07\/svtts3a.jpg 650w, https:\/\/www.lycee-charles-nodier-ac-besancon.fr\/wordpress\/wp-content\/uploads\/2016\/07\/svtts3a-300x49.jpg 300w\" sizes=\"auto, (max-width: 650px) 100vw, 650px\" \/><\/p>\n<p>A-1 La r\u00e9action inflammatoire, un exemple de r\u00e9ponse inn\u00e9e (immunit\u00e9 inn\u00e9e, cellules sentinelles, inflammation, phagocytose&#8230;)<br \/>\nA-2 L\u2019immunit\u00e9 adaptative, prolongement de l\u2019immunit\u00e9 inn\u00e9e (antig\u00e8nes, anticorps, lymphocytes, plasmocytes&#8230;)<br \/>\nA-3 Le ph\u00e9notype immunitaire au cours de la vie (m\u00e9moire immunitaire, vaccination, adjuvants&#8230;)<\/p>\n<ul style=\"list-style-type: square;\">\n<li><strong>Th\u00e8me 3 &#8211; B\u00a0: Neurone et fibre musculaire\u00a0: la communication nerveuse<\/strong><\/li>\n<\/ul>\n<p><img loading=\"lazy\" decoding=\"async\" class=\"size-full wp-image-644 aligncenter\" src=\"https:\/\/www.lycee-charles-nodier-ac-besancon.fr\/wordpress\/wp-content\/uploads\/2016\/07\/svtts3b.jpg\" alt=\"svtts3b\" width=\"650\" height=\"107\" srcset=\"https:\/\/www.lycee-charles-nodier-ac-besancon.fr\/wordpress\/wp-content\/uploads\/2016\/07\/svtts3b.jpg 650w, https:\/\/www.lycee-charles-nodier-ac-besancon.fr\/wordpress\/wp-content\/uploads\/2016\/07\/svtts3b-300x49.jpg 300w\" sizes=\"auto, (max-width: 650px) 100vw, 650px\" \/><\/p>\n<p>B-1 Le r\u00e9flexe myotatique, un exemple de commande r\u00e9flexe du muscle (moelle \u00e9pini\u00e8re, neurone, potentiel d\u2019action&#8230;)<br \/>\nB-2 De la volont\u00e9 au mouvement (aire motrice, motoneurone, synapse&#8230;)<br \/>\nB-3 Motricit\u00e9 et plasticit\u00e9 c\u00e9r\u00e9brale<\/p>\n<h2><strong>En Sp\u00e9cialit\u00e9 SVT<\/strong><\/h2>\n<p><span style=\"text-decoration: underline;\"><strong>Choix de la sp\u00e9cialit\u00e9 en TS\u00a0:<\/strong><\/span><\/p>\n<p>&#8211; Vous aimez les TP de SVT<br \/>\n&#8211; Vous vous int\u00e9ressez aux ph\u00e9nom\u00e8nes \u00e9tudi\u00e9s en SVT et vous aimeriez approfondir l\u2019\u00e9tude de certains<br \/>\n&#8211; Votre projet professionnel sera sans doute dans le domaine des Sciences de la Vie et\/ou de la Terre<br \/>\n&#8211; Un coefficient 8 en SVT au bac sera certainement avantageux pour vous<br \/>\n\u2014\u00a0&gt; Les professeurs de SVT seront ravis de vous faire partager leur passion.<\/p>\n<ul style=\"list-style-type: square;\">\n<li><strong>Th\u00e8me 1 &#8211; La Terre dans l\u2019Univers, la vie et l\u2019\u00e9volution de la vie\u00a0: \u00c9nergie et cellule vivante<\/strong><\/li>\n<\/ul>\n<p><img loading=\"lazy\" decoding=\"async\" class=\"size-full wp-image-645 aligncenter\" src=\"https:\/\/www.lycee-charles-nodier-ac-besancon.fr\/wordpress\/wp-content\/uploads\/2016\/07\/svtspe1.jpg\" alt=\"svtspe1\" width=\"650\" height=\"108\" srcset=\"https:\/\/www.lycee-charles-nodier-ac-besancon.fr\/wordpress\/wp-content\/uploads\/2016\/07\/svtspe1.jpg 650w, https:\/\/www.lycee-charles-nodier-ac-besancon.fr\/wordpress\/wp-content\/uploads\/2016\/07\/svtspe1-300x50.jpg 300w\" sizes=\"auto, (max-width: 650px) 100vw, 650px\" \/><\/p>\n<p>Photosynth\u00e8se, respiration cellulaire, fermentations lactique et alcoolique chez les cellules Eucaryotes.<\/p>\n<ul style=\"list-style-type: square;\">\n<li><strong>Th\u00e8me 2 &#8211; Enjeux plan\u00e9taires contemporains\u00a0: Atmosph\u00e8re, hydrosph\u00e8re, climats\u00a0: du pass\u00e9 \u00e0 l\u2019avenir<\/strong><\/li>\n<\/ul>\n<p><img loading=\"lazy\" decoding=\"async\" class=\"size-full wp-image-646 aligncenter\" src=\"https:\/\/www.lycee-charles-nodier-ac-besancon.fr\/wordpress\/wp-content\/uploads\/2016\/07\/svtspe2.jpg\" alt=\"svtspe2\" width=\"650\" height=\"110\" srcset=\"https:\/\/www.lycee-charles-nodier-ac-besancon.fr\/wordpress\/wp-content\/uploads\/2016\/07\/svtspe2.jpg 650w, https:\/\/www.lycee-charles-nodier-ac-besancon.fr\/wordpress\/wp-content\/uploads\/2016\/07\/svtspe2-300x51.jpg 300w\" sizes=\"auto, (max-width: 650px) 100vw, 650px\" \/><\/p>\n<p>De l\u2019atmosph\u00e8re primitive \u00e0 l\u2019atmosph\u00e8re actuelle.<br \/>\nReconstitution des climats du dernier million d\u2019ann\u00e9e, et des climats plus anciens.<br \/>\nL\u2019effet de serre.<\/p>\n<ul style=\"list-style-type: square;\">\n<li><strong>Th\u00e8me 3 &#8211; Corps humain et sant\u00e9\u00a0: Glyc\u00e9mie et diab\u00e8te<\/strong><\/li>\n<\/ul>\n<p><img loading=\"lazy\" decoding=\"async\" class=\"size-full wp-image-647 aligncenter\" src=\"https:\/\/www.lycee-charles-nodier-ac-besancon.fr\/wordpress\/wp-content\/uploads\/2016\/07\/svtspe3.jpg\" alt=\"svtspe3\" width=\"650\" height=\"108\" srcset=\"https:\/\/www.lycee-charles-nodier-ac-besancon.fr\/wordpress\/wp-content\/uploads\/2016\/07\/svtspe3.jpg 650w, https:\/\/www.lycee-charles-nodier-ac-besancon.fr\/wordpress\/wp-content\/uploads\/2016\/07\/svtspe3-300x50.jpg 300w\" sizes=\"auto, (max-width: 650px) 100vw, 650px\" \/><\/p>\n<p>Enzymes<br \/>\nApport de sucre, r\u00e9gulation de la glyc\u00e9mie.<br \/>\nLes deux types de diab\u00e8te et leurs d\u00e9clenchements<\/p>\n<p><a href=\"https:\/\/www.lycee-charles-nodier-ac-besancon.fr\/wordpress\/les-svt-au-lycee\/\"> Consulter les horaires de SVT par classe<\/a><\/p>\n","protected":false},"excerpt":{"rendered":"<p>Cet article pr\u00e9sente les programmes de SVT de la seconde \u00e0 la terminale. Les programmes s\u2019articulent de la seconde \u00e0 la terminale autour de trois grandes th\u00e9matiques structurantes\u00a0: Th\u00e8me 1\u00a0:\u2026<\/p>\n<p> <a class=\"continue-reading-link\" href=\"https:\/\/www.lycee-charles-nodier-ac-besancon.fr\/wordpress\/programmes-de-svt\/\"><span>Lire la suite<\/span><i class=\"crycon-right-dir\"><\/i><\/a> <\/p>\n","protected":false},"author":2,"featured_media":628,"comment_status":"closed","ping_status":"open","sticky":false,"template":"","format":"standard","meta":{"footnotes":""},"categories":[51],"tags":[],"coauthors":[],"class_list":["post-627","post","type-post","status-publish","format-standard","has-post-thumbnail","hentry","category-svt"],"views":4596,"_links":{"self":[{"href":"https:\/\/www.lycee-charles-nodier-ac-besancon.fr\/wordpress\/wp-json\/wp\/v2\/posts\/627","targetHints":{"allow":["GET"]}}],"collection":[{"href":"https:\/\/www.lycee-charles-nodier-ac-besancon.fr\/wordpress\/wp-json\/wp\/v2\/posts"}],"about":[{"href":"https:\/\/www.lycee-charles-nodier-ac-besancon.fr\/wordpress\/wp-json\/wp\/v2\/types\/post"}],"author":[{"embeddable":true,"href":"https:\/\/www.lycee-charles-nodier-ac-besancon.fr\/wordpress\/wp-json\/wp\/v2\/users\/2"}],"replies":[{"embeddable":true,"href":"https:\/\/www.lycee-charles-nodier-ac-besancon.fr\/wordpress\/wp-json\/wp\/v2\/comments?post=627"}],"version-history":[{"count":3,"href":"https:\/\/www.lycee-charles-nodier-ac-besancon.fr\/wordpress\/wp-json\/wp\/v2\/posts\/627\/revisions"}],"predecessor-version":[{"id":668,"href":"https:\/\/www.lycee-charles-nodier-ac-besancon.fr\/wordpress\/wp-json\/wp\/v2\/posts\/627\/revisions\/668"}],"wp:featuredmedia":[{"embeddable":true,"href":"https:\/\/www.lycee-charles-nodier-ac-besancon.fr\/wordpress\/wp-json\/wp\/v2\/media\/628"}],"wp:attachment":[{"href":"https:\/\/www.lycee-charles-nodier-ac-besancon.fr\/wordpress\/wp-json\/wp\/v2\/media?parent=627"}],"wp:term":[{"taxonomy":"category","embeddable":true,"href":"https:\/\/www.lycee-charles-nodier-ac-besancon.fr\/wordpress\/wp-json\/wp\/v2\/categories?post=627"},{"taxonomy":"post_tag","embeddable":true,"href":"https:\/\/www.lycee-charles-nodier-ac-besancon.fr\/wordpress\/wp-json\/wp\/v2\/tags?post=627"},{"taxonomy":"author","embeddable":true,"href":"https:\/\/www.lycee-charles-nodier-ac-besancon.fr\/wordpress\/wp-json\/wp\/v2\/coauthors?post=627"}],"curies":[{"name":"wp","href":"https:\/\/api.w.org\/{rel}","templated":true}]}}