{"id":6306,"date":"2024-06-11T17:57:43","date_gmt":"2024-06-11T15:57:43","guid":{"rendered":"https:\/\/www.lycee-charles-nodier-ac-besancon.fr\/wordpress\/?p=6306"},"modified":"2024-06-11T17:57:43","modified_gmt":"2024-06-11T15:57:43","slug":"des-livres-et-nous-4","status":"publish","type":"post","link":"https:\/\/www.lycee-charles-nodier-ac-besancon.fr\/wordpress\/des-livres-et-nous-4\/","title":{"rendered":"Des livres et nous #4"},"content":{"rendered":"\n\n\n<figure class=\"wp-block-gallery has-nested-images columns-default is-cropped wp-block-gallery-1 is-layout-flex wp-block-gallery-is-layout-flex\">\n<figure class=\"wp-block-image size-large\"><img loading=\"lazy\" decoding=\"async\" width=\"360\" height=\"640\" data-id=\"6309\" src=\"https:\/\/www.lycee-charles-nodier-ac-besancon.fr\/wordpress\/wp-content\/uploads\/2024\/06\/image2.jpeg\" alt=\"\" class=\"wp-image-6309\" srcset=\"https:\/\/www.lycee-charles-nodier-ac-besancon.fr\/wordpress\/wp-content\/uploads\/2024\/06\/image2.jpeg 360w, https:\/\/www.lycee-charles-nodier-ac-besancon.fr\/wordpress\/wp-content\/uploads\/2024\/06\/image2-169x300.jpeg 169w, https:\/\/www.lycee-charles-nodier-ac-besancon.fr\/wordpress\/wp-content\/uploads\/2024\/06\/image2-84x150.jpeg 84w\" sizes=\"auto, (max-width: 360px) 100vw, 360px\" \/><\/figure>\n\n\n\n<figure class=\"wp-block-image size-large\"><img loading=\"lazy\" decoding=\"async\" width=\"360\" height=\"640\" data-id=\"6307\" src=\"https:\/\/www.lycee-charles-nodier-ac-besancon.fr\/wordpress\/wp-content\/uploads\/2024\/06\/image7.jpeg\" alt=\"\" class=\"wp-image-6307\" srcset=\"https:\/\/www.lycee-charles-nodier-ac-besancon.fr\/wordpress\/wp-content\/uploads\/2024\/06\/image7.jpeg 360w, https:\/\/www.lycee-charles-nodier-ac-besancon.fr\/wordpress\/wp-content\/uploads\/2024\/06\/image7-169x300.jpeg 169w, https:\/\/www.lycee-charles-nodier-ac-besancon.fr\/wordpress\/wp-content\/uploads\/2024\/06\/image7-84x150.jpeg 84w\" sizes=\"auto, (max-width: 360px) 100vw, 360px\" \/><\/figure>\n\n\n\n<figure class=\"wp-block-image size-large\"><img loading=\"lazy\" decoding=\"async\" width=\"480\" height=\"640\" data-id=\"6310\" src=\"https:\/\/www.lycee-charles-nodier-ac-besancon.fr\/wordpress\/wp-content\/uploads\/2024\/06\/image14-rotated.jpeg\" alt=\"\" class=\"wp-image-6310\" srcset=\"https:\/\/www.lycee-charles-nodier-ac-besancon.fr\/wordpress\/wp-content\/uploads\/2024\/06\/image14-rotated.jpeg 480w, https:\/\/www.lycee-charles-nodier-ac-besancon.fr\/wordpress\/wp-content\/uploads\/2024\/06\/image14-225x300.jpeg 225w, https:\/\/www.lycee-charles-nodier-ac-besancon.fr\/wordpress\/wp-content\/uploads\/2024\/06\/image14-113x150.jpeg 113w\" sizes=\"auto, (max-width: 480px) 100vw, 480px\" \/><\/figure>\n\n\n\n<figure class=\"wp-block-image size-large\"><img loading=\"lazy\" decoding=\"async\" width=\"480\" height=\"640\" data-id=\"6308\" src=\"https:\/\/www.lycee-charles-nodier-ac-besancon.fr\/wordpress\/wp-content\/uploads\/2024\/06\/image15-rotated.jpeg\" alt=\"\" class=\"wp-image-6308\" srcset=\"https:\/\/www.lycee-charles-nodier-ac-besancon.fr\/wordpress\/wp-content\/uploads\/2024\/06\/image15-rotated.jpeg 480w, https:\/\/www.lycee-charles-nodier-ac-besancon.fr\/wordpress\/wp-content\/uploads\/2024\/06\/image15-225x300.jpeg 225w, https:\/\/www.lycee-charles-nodier-ac-besancon.fr\/wordpress\/wp-content\/uploads\/2024\/06\/image15-113x150.jpeg 113w\" sizes=\"auto, (max-width: 480px) 100vw, 480px\" \/><\/figure>\n<\/figure>\n\n\n\n<p>Apr\u00e8s un coup d&rsquo;essai r\u00e9ussi \u00e0 la M\u00e9diath\u00e8que de Dole, les \u00e9l\u00e8ves de 2nde6 ont renouvel\u00e9 l&rsquo;exp\u00e9rience de l&rsquo;\u00e9mission litt\u00e9raire enregistr\u00e9e en direct et en public. Chroniques et d\u00e9bats autour des 8 titres de la s\u00e9lection de l&rsquo;Echapp\u00e9e Litt\u00e9raire avec toute la classe aux micros&#8230; une belle performance !<\/p>\n\n\n\n<figure class=\"wp-block-audio\"><audio controls src=\"https:\/\/www.lycee-charles-nodier-ac-besancon.fr\/wordpress\/wp-content\/uploads\/2024\/06\/deslivresetnousVF1.mp3\"><\/audio><\/figure>\n","protected":false},"excerpt":{"rendered":"<p>Apr\u00e8s un coup d&rsquo;essai r\u00e9ussi \u00e0 la M\u00e9diath\u00e8que de Dole, les \u00e9l\u00e8ves de 2nde6 ont renouvel\u00e9 l&rsquo;exp\u00e9rience de l&rsquo;\u00e9mission litt\u00e9raire enregistr\u00e9e en direct et en public. Chroniques et d\u00e9bats autour\u2026<\/p>\n<p> <a class=\"continue-reading-link\" href=\"https:\/\/www.lycee-charles-nodier-ac-besancon.fr\/wordpress\/des-livres-et-nous-4\/\"><span>Lire la suite<\/span><i class=\"crycon-right-dir\"><\/i><\/a> <\/p>\n","protected":false},"author":35,"featured_media":6309,"comment_status":"closed","ping_status":"open","sticky":false,"template":"","format":"standard","meta":{"footnotes":""},"categories":[17,82,158,92,91,93],"tags":[166,128,115,170],"coauthors":[167],"class_list":["post-6306","post","type-post","status-publish","format-standard","has-post-thumbnail","hentry","category-actualite","category-centre-de-documentation-et-dinformation","category-des-livres-et-nous","category-eleves","category-parents","category-personnels","tag-echappee-litteraire","tag-litterature","tag-prix-litteraire","tag-webradio"],"views":1039,"_links":{"self":[{"href":"https:\/\/www.lycee-charles-nodier-ac-besancon.fr\/wordpress\/wp-json\/wp\/v2\/posts\/6306","targetHints":{"allow":["GET"]}}],"collection":[{"href":"https:\/\/www.lycee-charles-nodier-ac-besancon.fr\/wordpress\/wp-json\/wp\/v2\/posts"}],"about":[{"href":"https:\/\/www.lycee-charles-nodier-ac-besancon.fr\/wordpress\/wp-json\/wp\/v2\/types\/post"}],"author":[{"embeddable":true,"href":"https:\/\/www.lycee-charles-nodier-ac-besancon.fr\/wordpress\/wp-json\/wp\/v2\/users\/35"}],"replies":[{"embeddable":true,"href":"https:\/\/www.lycee-charles-nodier-ac-besancon.fr\/wordpress\/wp-json\/wp\/v2\/comments?post=6306"}],"version-history":[{"count":4,"href":"https:\/\/www.lycee-charles-nodier-ac-besancon.fr\/wordpress\/wp-json\/wp\/v2\/posts\/6306\/revisions"}],"predecessor-version":[{"id":6316,"href":"https:\/\/www.lycee-charles-nodier-ac-besancon.fr\/wordpress\/wp-json\/wp\/v2\/posts\/6306\/revisions\/6316"}],"wp:featuredmedia":[{"embeddable":true,"href":"https:\/\/www.lycee-charles-nodier-ac-besancon.fr\/wordpress\/wp-json\/wp\/v2\/media\/6309"}],"wp:attachment":[{"href":"https:\/\/www.lycee-charles-nodier-ac-besancon.fr\/wordpress\/wp-json\/wp\/v2\/media?parent=6306"}],"wp:term":[{"taxonomy":"category","embeddable":true,"href":"https:\/\/www.lycee-charles-nodier-ac-besancon.fr\/wordpress\/wp-json\/wp\/v2\/categories?post=6306"},{"taxonomy":"post_tag","embeddable":true,"href":"https:\/\/www.lycee-charles-nodier-ac-besancon.fr\/wordpress\/wp-json\/wp\/v2\/tags?post=6306"},{"taxonomy":"author","embeddable":true,"href":"https:\/\/www.lycee-charles-nodier-ac-besancon.fr\/wordpress\/wp-json\/wp\/v2\/coauthors?post=6306"}],"curies":[{"name":"wp","href":"https:\/\/api.w.org\/{rel}","templated":true}]}}