{"id":6446,"date":"2024-11-07T09:22:02","date_gmt":"2024-11-07T08:22:02","guid":{"rendered":"http:\/\/www.lycee-charles-nodier-ac-besancon.fr\/wordpress\/?p=6446"},"modified":"2024-11-07T09:45:17","modified_gmt":"2024-11-07T08:45:17","slug":"installation-de-nichoirs-dans-le-parc-de-la-charite","status":"publish","type":"post","link":"https:\/\/www.lycee-charles-nodier-ac-besancon.fr\/wordpress\/installation-de-nichoirs-dans-le-parc-de-la-charite\/","title":{"rendered":"Installation de nichoirs dans le parc de la Charit\u00e9"},"content":{"rendered":"\n<p>Mardi 5 novembre, l&rsquo;association Dole Environnement a \u00e9t\u00e9 accueillie au lyc\u00e9e pour finaliser un projet commenc\u00e9 au printemps dernier. Un groupe d&rsquo;\u00e9l\u00e8ves, encadr\u00e9 par l&rsquo;association, avait particip\u00e9 \u00e0 un inventaire de la biodiversit\u00e9 du parc de la Charit\u00e9 afin d&rsquo;en d\u00e9gager certains enjeux \u00e9cologiques. L&rsquo;inventaire s&rsquo;est principalement orient\u00e9 sur les oiseaux et les mammif\u00e8res et ce sont ainsi 15 esp\u00e8ces diff\u00e9rentes d&rsquo;oiseaux qui ont pu \u00eatre identifi\u00e9es.<\/p>\n<p>Dans le cadre de cet inventaire, il a \u00e9t\u00e9 \u00e9galement not\u00e9 que les arbres pr\u00e9sentaient peu de cavit\u00e9s pour h\u00e9berger les oiseaux, c&rsquo;est pourquoi il a \u00e9t\u00e9 propos\u00e9 d&rsquo;installer des nichoirs. Fin mai 2024 a donc eu lieu au lyc\u00e9e <a href=\"https:\/\/www.lycee-charles-nodier-ac-besancon.fr\/wordpress\/dole-environnement\/\">un atelier de fabrication de nichoirs<\/a>. Avec l&rsquo;aide de 8 adultes, salari\u00e9s et b\u00e9n\u00e9voles de l&rsquo;association et professeurs, et 25 lyc\u00e9ens, ce sont 9 nichoirs qui ont \u00e9t\u00e9 construits. 6 ont \u00e9t\u00e9 install\u00e9s ce mardi afin de respecter un espace minimum entre chaque et une bonne exposition au soleil pour plus d&rsquo;efficacit\u00e9.<\/p>\n\n\n\n<figure class=\"wp-block-image size-large\"><img loading=\"lazy\" decoding=\"async\" width=\"1024\" height=\"378\" src=\"https:\/\/www.lycee-charles-nodier-ac-besancon.fr\/wordpress\/wp-content\/uploads\/2024\/11\/image-1-1024x378.png\" alt=\"\" class=\"wp-image-6448\" srcset=\"https:\/\/www.lycee-charles-nodier-ac-besancon.fr\/wordpress\/wp-content\/uploads\/2024\/11\/image-1-1024x378.png 1024w, https:\/\/www.lycee-charles-nodier-ac-besancon.fr\/wordpress\/wp-content\/uploads\/2024\/11\/image-1-300x111.png 300w, https:\/\/www.lycee-charles-nodier-ac-besancon.fr\/wordpress\/wp-content\/uploads\/2024\/11\/image-1-768x284.png 768w, https:\/\/www.lycee-charles-nodier-ac-besancon.fr\/wordpress\/wp-content\/uploads\/2024\/11\/image-1-150x55.png 150w, https:\/\/www.lycee-charles-nodier-ac-besancon.fr\/wordpress\/wp-content\/uploads\/2024\/11\/image-1-250x92.png 250w, https:\/\/www.lycee-charles-nodier-ac-besancon.fr\/wordpress\/wp-content\/uploads\/2024\/11\/image-1.png 1158w\" sizes=\"auto, (max-width: 1024px) 100vw, 1024px\" \/><\/figure>\n\n\n\n<figure class=\"wp-block-image size-full\"><img loading=\"lazy\" decoding=\"async\" width=\"1001\" height=\"499\" src=\"https:\/\/www.lycee-charles-nodier-ac-besancon.fr\/wordpress\/wp-content\/uploads\/2024\/11\/image-2.png\" alt=\"\" class=\"wp-image-6449\" srcset=\"https:\/\/www.lycee-charles-nodier-ac-besancon.fr\/wordpress\/wp-content\/uploads\/2024\/11\/image-2.png 1001w, https:\/\/www.lycee-charles-nodier-ac-besancon.fr\/wordpress\/wp-content\/uploads\/2024\/11\/image-2-300x150.png 300w, https:\/\/www.lycee-charles-nodier-ac-besancon.fr\/wordpress\/wp-content\/uploads\/2024\/11\/image-2-768x383.png 768w, https:\/\/www.lycee-charles-nodier-ac-besancon.fr\/wordpress\/wp-content\/uploads\/2024\/11\/image-2-150x75.png 150w, https:\/\/www.lycee-charles-nodier-ac-besancon.fr\/wordpress\/wp-content\/uploads\/2024\/11\/image-2-250x125.png 250w\" sizes=\"auto, (max-width: 1001px) 100vw, 1001px\" \/><\/figure>\n\n\n\n<p>Un grand merci \u00e0 Juliette, A\u00e9ryne, Mat\u00e9o et Abiga\u00eblle pour leur investissement, \u00e0 l&rsquo;association Dole Environnement pour son engagement et son expertise, \u00e0 Virginie Darcq et Charlotte Bel ainsi qu&rsquo;au service intendance et aux agents du lyc\u00e9e qui ont rendu tout cela possible !<\/p>\n","protected":false},"excerpt":{"rendered":"<p>Mardi 5 novembre, l&rsquo;association Dole Environnement a \u00e9t\u00e9 accueillie au lyc\u00e9e pour finaliser un projet commenc\u00e9 au printemps dernier. Un groupe d&rsquo;\u00e9l\u00e8ves, encadr\u00e9 par l&rsquo;association, avait particip\u00e9 \u00e0 un inventaire\u2026<\/p>\n<p> <a class=\"continue-reading-link\" href=\"https:\/\/www.lycee-charles-nodier-ac-besancon.fr\/wordpress\/installation-de-nichoirs-dans-le-parc-de-la-charite\/\"><span>Lire la suite<\/span><i class=\"crycon-right-dir\"><\/i><\/a> <\/p>\n","protected":false},"author":110,"featured_media":6449,"comment_status":"closed","ping_status":"open","sticky":false,"template":"","format":"standard","meta":{"footnotes":""},"categories":[90,106,92,2,91,93],"tags":[187,189,186,188],"coauthors":[173],"class_list":["post-6446","post","type-post","status-publish","format-standard","has-post-thumbnail","hentry","category-acces","category-e3d","category-eleves","category-vielycee","category-parents","category-personnels","tag-developpement-durable","tag-eco-delegues","tag-nichoirs","tag-oiseaux"],"views":703,"_links":{"self":[{"href":"https:\/\/www.lycee-charles-nodier-ac-besancon.fr\/wordpress\/wp-json\/wp\/v2\/posts\/6446","targetHints":{"allow":["GET"]}}],"collection":[{"href":"https:\/\/www.lycee-charles-nodier-ac-besancon.fr\/wordpress\/wp-json\/wp\/v2\/posts"}],"about":[{"href":"https:\/\/www.lycee-charles-nodier-ac-besancon.fr\/wordpress\/wp-json\/wp\/v2\/types\/post"}],"author":[{"embeddable":true,"href":"https:\/\/www.lycee-charles-nodier-ac-besancon.fr\/wordpress\/wp-json\/wp\/v2\/users\/110"}],"replies":[{"embeddable":true,"href":"https:\/\/www.lycee-charles-nodier-ac-besancon.fr\/wordpress\/wp-json\/wp\/v2\/comments?post=6446"}],"version-history":[{"count":2,"href":"https:\/\/www.lycee-charles-nodier-ac-besancon.fr\/wordpress\/wp-json\/wp\/v2\/posts\/6446\/revisions"}],"predecessor-version":[{"id":6451,"href":"https:\/\/www.lycee-charles-nodier-ac-besancon.fr\/wordpress\/wp-json\/wp\/v2\/posts\/6446\/revisions\/6451"}],"wp:featuredmedia":[{"embeddable":true,"href":"https:\/\/www.lycee-charles-nodier-ac-besancon.fr\/wordpress\/wp-json\/wp\/v2\/media\/6449"}],"wp:attachment":[{"href":"https:\/\/www.lycee-charles-nodier-ac-besancon.fr\/wordpress\/wp-json\/wp\/v2\/media?parent=6446"}],"wp:term":[{"taxonomy":"category","embeddable":true,"href":"https:\/\/www.lycee-charles-nodier-ac-besancon.fr\/wordpress\/wp-json\/wp\/v2\/categories?post=6446"},{"taxonomy":"post_tag","embeddable":true,"href":"https:\/\/www.lycee-charles-nodier-ac-besancon.fr\/wordpress\/wp-json\/wp\/v2\/tags?post=6446"},{"taxonomy":"author","embeddable":true,"href":"https:\/\/www.lycee-charles-nodier-ac-besancon.fr\/wordpress\/wp-json\/wp\/v2\/coauthors?post=6446"}],"curies":[{"name":"wp","href":"https:\/\/api.w.org\/{rel}","templated":true}]}}