{"id":650,"date":"2016-07-13T13:45:15","date_gmt":"2016-07-13T11:45:15","guid":{"rendered":"http:\/\/www.lycee-charles-nodier-ac-besancon.fr\/wordpress\/?p=650"},"modified":"2016-07-26T13:46:16","modified_gmt":"2016-07-26T11:46:16","slug":"les-svt-au-lycee","status":"publish","type":"post","link":"https:\/\/www.lycee-charles-nodier-ac-besancon.fr\/wordpress\/les-svt-au-lycee\/","title":{"rendered":"Les SVT au lyc\u00e9e"},"content":{"rendered":"<p>Pr\u00e9sentation des SVT au lyc\u00e9e<\/p>\n<h4><strong class=\"caractencadre-spip spip\">Horaires de SVT en classes de 2<sup class=\"typo_exposants\">nde<\/sup>, 1<sup class=\"typo_exposants\">re<\/sup> et Terminale\u00a0:<\/strong><\/h4>\n<table>\n<thead>\n<tr>\n<th><\/th>\n<th>Cours<\/th>\n<th>TP<\/th>\n<\/tr>\n<\/thead>\n<tbody>\n<tr>\n<td>Classe de 2<sup class=\"typo_exposants\">nde<\/sup><\/td>\n<td style=\"text-align: center;\" colspan=\"2\">1h30 (en groupe)<\/td>\n<\/tr>\n<tr>\n<td>Classe de 1<sup class=\"typo_exposants\">re<\/sup> L \/ ES<\/td>\n<td style=\"text-align: center;\" colspan=\"2\">1h (classe enti\u00e8re)<\/td>\n<\/tr>\n<tr>\n<td>Classe de 1<sup class=\"typo_exposants\">re<\/sup> S<\/td>\n<td style=\"text-align: center;\">1h30 (classe enti\u00e8re)<\/td>\n<td style=\"text-align: center;\">1h30 (en groupe)<\/td>\n<\/tr>\n<tr>\n<td>Classe de Terminale S<\/td>\n<td style=\"text-align: center;\">2h (classe enti\u00e8re)<\/td>\n<td style=\"text-align: center;\">1h30 (en groupe)<\/td>\n<\/tr>\n<tr>\n<td>Groupe de Sp\u00e9cialit\u00e9 SVT<\/td>\n<td style=\"text-align: center;\" colspan=\"2\">2h<\/td>\n<\/tr>\n<\/tbody>\n<\/table>\n<p>Les salles de SVT se trouvent au 2<sup class=\"typo_exposants\">e<\/sup> \u00e9tage du b\u00e2timent des Dames d\u2019Ounans, c\u00f4t\u00e9 chapelle\u00a0: &#8211; 1 salle de cours &#8211; 2 salles de TP \/ cours &#8211; 2 salles informatiques d\u00e9di\u00e9es SVT.<\/p>\n<h4><strong class=\"caractencadre-spip spip\">Chaque semaine, des TP vari\u00e9s d\u00e9veloppant l\u2019autonomie des \u00e9l\u00e8ves<\/strong><\/h4>\n<p>Lors des s\u00e9ances de Travaux Pratiques, les \u00e9l\u00e8ves sont amen\u00e9s \u00e0 utiliser, suivant les chapitres, diff\u00e9rents mat\u00e9riels p\u00e9dagogiques\u00a0:<\/p>\n<table border=\"0\" width=\"100%\" cellspacing=\"0\" cellpadding=\"0\">\n<tbody>\n<tr>\n<td>\u00a0<img loading=\"lazy\" decoding=\"async\" class=\"size-full wp-image-665 aligncenter\" src=\"https:\/\/www.lycee-charles-nodier-ac-besancon.fr\/wordpress\/wp-content\/uploads\/2016\/07\/anagene.jpg\" alt=\"anagene\" width=\"350\" height=\"262\" srcset=\"https:\/\/www.lycee-charles-nodier-ac-besancon.fr\/wordpress\/wp-content\/uploads\/2016\/07\/anagene.jpg 350w, https:\/\/www.lycee-charles-nodier-ac-besancon.fr\/wordpress\/wp-content\/uploads\/2016\/07\/anagene-300x225.jpg 300w\" sizes=\"auto, (max-width: 350px) 100vw, 350px\" \/><\/td>\n<td>\u00a0<img loading=\"lazy\" decoding=\"async\" class=\"size-full wp-image-664 aligncenter\" src=\"https:\/\/www.lycee-charles-nodier-ac-besancon.fr\/wordpress\/wp-content\/uploads\/2016\/07\/rastop.jpg\" alt=\"rastop\" width=\"350\" height=\"262\" srcset=\"https:\/\/www.lycee-charles-nodier-ac-besancon.fr\/wordpress\/wp-content\/uploads\/2016\/07\/rastop.jpg 350w, https:\/\/www.lycee-charles-nodier-ac-besancon.fr\/wordpress\/wp-content\/uploads\/2016\/07\/rastop-300x225.jpg 300w\" sizes=\"auto, (max-width: 350px) 100vw, 350px\" \/><\/td>\n<\/tr>\n<tr>\n<td colspan=\"2\">Utilisation de logiciels de comparaison de s\u00e9quences de nucl\u00e9otides de l\u2019ADN et de visualisation de mol\u00e9cules en 3D.<\/td>\n<\/tr>\n<\/tbody>\n<\/table>\n<table border=\"0\" width=\"100%\" cellspacing=\"0\" cellpadding=\"0\">\n<tbody>\n<tr>\n<td style=\"vertical-align: middle;\">\u00a0<img loading=\"lazy\" decoding=\"async\" class=\"size-full wp-image-663 aligncenter\" src=\"https:\/\/www.lycee-charles-nodier-ac-besancon.fr\/wordpress\/wp-content\/uploads\/2016\/07\/fleur.jpg\" alt=\"fleur\" width=\"350\" height=\"262\" srcset=\"https:\/\/www.lycee-charles-nodier-ac-besancon.fr\/wordpress\/wp-content\/uploads\/2016\/07\/fleur.jpg 350w, https:\/\/www.lycee-charles-nodier-ac-besancon.fr\/wordpress\/wp-content\/uploads\/2016\/07\/fleur-300x225.jpg 300w\" sizes=\"auto, (max-width: 350px) 100vw, 350px\" \/><\/td>\n<td style=\"vertical-align: middle;\"><img loading=\"lazy\" decoding=\"async\" class=\"size-full wp-image-662 aligncenter\" src=\"https:\/\/www.lycee-charles-nodier-ac-besancon.fr\/wordpress\/wp-content\/uploads\/2016\/07\/tpoeil.jpg\" alt=\"tpoeil\" width=\"350\" height=\"262\" srcset=\"https:\/\/www.lycee-charles-nodier-ac-besancon.fr\/wordpress\/wp-content\/uploads\/2016\/07\/tpoeil.jpg 350w, https:\/\/www.lycee-charles-nodier-ac-besancon.fr\/wordpress\/wp-content\/uploads\/2016\/07\/tpoeil-300x225.jpg 300w\" sizes=\"auto, (max-width: 350px) 100vw, 350px\" \/><\/td>\n<\/tr>\n<tr>\n<td colspan=\"2\">Etude anatomique du mat\u00e9riel vivant \u00e0 l\u2019aide dissection (Dissection florale en Terminale S\u00a0; dissection de l\u2019\u0153il en 1<sup class=\"typo_exposants\">re<\/sup> S)<\/td>\n<\/tr>\n<\/tbody>\n<\/table>\n<table border=\"0\" width=\"100%\" cellspacing=\"0\" cellpadding=\"0\">\n<tbody>\n<tr>\n<td>\u00a0<img loading=\"lazy\" decoding=\"async\" class=\"size-full wp-image-661 aligncenter\" src=\"https:\/\/www.lycee-charles-nodier-ac-besancon.fr\/wordpress\/wp-content\/uploads\/2016\/07\/elisa1.jpg\" alt=\"elisa1\" width=\"350\" height=\"262\" srcset=\"https:\/\/www.lycee-charles-nodier-ac-besancon.fr\/wordpress\/wp-content\/uploads\/2016\/07\/elisa1.jpg 350w, https:\/\/www.lycee-charles-nodier-ac-besancon.fr\/wordpress\/wp-content\/uploads\/2016\/07\/elisa1-300x225.jpg 300w\" sizes=\"auto, (max-width: 350px) 100vw, 350px\" \/><\/td>\n<td>\u00a0<img loading=\"lazy\" decoding=\"async\" class=\"size-full wp-image-660 aligncenter\" src=\"https:\/\/www.lycee-charles-nodier-ac-besancon.fr\/wordpress\/wp-content\/uploads\/2016\/07\/elisa2.jpg\" alt=\"elisa2\" width=\"350\" height=\"262\" srcset=\"https:\/\/www.lycee-charles-nodier-ac-besancon.fr\/wordpress\/wp-content\/uploads\/2016\/07\/elisa2.jpg 350w, https:\/\/www.lycee-charles-nodier-ac-besancon.fr\/wordpress\/wp-content\/uploads\/2016\/07\/elisa2-300x225.jpg 300w\" sizes=\"auto, (max-width: 350px) 100vw, 350px\" \/><\/td>\n<\/tr>\n<tr>\n<td colspan=\"2\">Utilisation des micropipettes lors du test ELISA (Terminale S\u00a0: recherche pr\u00e9sence anticorps dans un s\u00e9rum)<\/td>\n<\/tr>\n<\/tbody>\n<\/table>\n<table border=\"0\" width=\"100%\" cellspacing=\"0\" cellpadding=\"0\">\n<tbody>\n<tr>\n<td>\u00a0<img loading=\"lazy\" decoding=\"async\" class=\"size-full wp-image-659 aligncenter\" src=\"https:\/\/www.lycee-charles-nodier-ac-besancon.fr\/wordpress\/wp-content\/uploads\/2016\/07\/loupe.jpg\" alt=\"loupe\" width=\"350\" height=\"262\" srcset=\"https:\/\/www.lycee-charles-nodier-ac-besancon.fr\/wordpress\/wp-content\/uploads\/2016\/07\/loupe.jpg 350w, https:\/\/www.lycee-charles-nodier-ac-besancon.fr\/wordpress\/wp-content\/uploads\/2016\/07\/loupe-300x225.jpg 300w\" sizes=\"auto, (max-width: 350px) 100vw, 350px\" \/><\/td>\n<td>\u00a0<img loading=\"lazy\" decoding=\"async\" class=\"size-full wp-image-658 aligncenter\" src=\"https:\/\/www.lycee-charles-nodier-ac-besancon.fr\/wordpress\/wp-content\/uploads\/2016\/07\/micro.jpg\" alt=\"micro\" width=\"350\" height=\"262\" srcset=\"https:\/\/www.lycee-charles-nodier-ac-besancon.fr\/wordpress\/wp-content\/uploads\/2016\/07\/micro.jpg 350w, https:\/\/www.lycee-charles-nodier-ac-besancon.fr\/wordpress\/wp-content\/uploads\/2016\/07\/micro-300x225.jpg 300w\" sizes=\"auto, (max-width: 350px) 100vw, 350px\" \/><\/td>\n<\/tr>\n<tr>\n<td colspan=\"2\">Des TP d\u2019observation \u00e0 la loupe binoculaire (Faune du sol en 2<sup class=\"typo_exposants\">nde<\/sup>) et au microscope optique (Cellules de l\u2019\u00e9piderme d\u2019oignon en 2<sup class=\"typo_exposants\">nde<\/sup>)<\/td>\n<\/tr>\n<\/tbody>\n<\/table>\n<table border=\"0\" width=\"100%\" cellspacing=\"0\" cellpadding=\"0\">\n<tbody>\n<tr>\n<td>\u00a0<img loading=\"lazy\" decoding=\"async\" class=\"size-full wp-image-657 aligncenter\" src=\"https:\/\/www.lycee-charles-nodier-ac-besancon.fr\/wordpress\/wp-content\/uploads\/2016\/07\/polarisant.jpg\" alt=\"polarisant\" width=\"350\" height=\"262\" srcset=\"https:\/\/www.lycee-charles-nodier-ac-besancon.fr\/wordpress\/wp-content\/uploads\/2016\/07\/polarisant.jpg 350w, https:\/\/www.lycee-charles-nodier-ac-besancon.fr\/wordpress\/wp-content\/uploads\/2016\/07\/polarisant-300x225.jpg 300w\" sizes=\"auto, (max-width: 350px) 100vw, 350px\" \/><\/td>\n<td>\u00a0<img loading=\"lazy\" decoding=\"async\" class=\"size-full wp-image-656 aligncenter\" src=\"https:\/\/www.lycee-charles-nodier-ac-besancon.fr\/wordpress\/wp-content\/uploads\/2016\/07\/granite.jpg\" alt=\"granite\" width=\"350\" height=\"262\" srcset=\"https:\/\/www.lycee-charles-nodier-ac-besancon.fr\/wordpress\/wp-content\/uploads\/2016\/07\/granite.jpg 350w, https:\/\/www.lycee-charles-nodier-ac-besancon.fr\/wordpress\/wp-content\/uploads\/2016\/07\/granite-300x225.jpg 300w\" sizes=\"auto, (max-width: 350px) 100vw, 350px\" \/><\/td>\n<\/tr>\n<tr>\n<td colspan=\"2\">Des TP d\u2019observation au microscope polarisant (lames minces de roches en 1<sup class=\"typo_exposants\">re<\/sup> S et terminale S)<\/td>\n<\/tr>\n<\/tbody>\n<\/table>\n<table border=\"0\" width=\"100%\" cellspacing=\"0\" cellpadding=\"0\">\n<tbody>\n<tr>\n<td>\u00a0<img loading=\"lazy\" decoding=\"async\" class=\"size-full wp-image-655 aligncenter\" src=\"https:\/\/www.lycee-charles-nodier-ac-besancon.fr\/wordpress\/wp-content\/uploads\/2016\/07\/cam-oc.jpg\" alt=\"cam-oc\" width=\"350\" height=\"262\" srcset=\"https:\/\/www.lycee-charles-nodier-ac-besancon.fr\/wordpress\/wp-content\/uploads\/2016\/07\/cam-oc.jpg 350w, https:\/\/www.lycee-charles-nodier-ac-besancon.fr\/wordpress\/wp-content\/uploads\/2016\/07\/cam-oc-300x225.jpg 300w\" sizes=\"auto, (max-width: 350px) 100vw, 350px\" \/><\/td>\n<td>\u00a0<img loading=\"lazy\" decoding=\"async\" class=\"size-full wp-image-654 aligncenter\" src=\"https:\/\/www.lycee-charles-nodier-ac-besancon.fr\/wordpress\/wp-content\/uploads\/2016\/07\/cam-oc2.jpg\" alt=\"cam-oc2\" width=\"350\" height=\"262\" srcset=\"https:\/\/www.lycee-charles-nodier-ac-besancon.fr\/wordpress\/wp-content\/uploads\/2016\/07\/cam-oc2.jpg 350w, https:\/\/www.lycee-charles-nodier-ac-besancon.fr\/wordpress\/wp-content\/uploads\/2016\/07\/cam-oc2-300x225.jpg 300w\" sizes=\"auto, (max-width: 350px) 100vw, 350px\" \/><\/td>\n<\/tr>\n<tr>\n<td colspan=\"2\">Observation assist\u00e9e par ordinateur et acquisition num\u00e9rique d\u2019images microscopiques<\/td>\n<\/tr>\n<\/tbody>\n<\/table>\n<table border=\"0\" width=\"100%\" cellspacing=\"0\" cellpadding=\"0\">\n<tbody>\n<tr>\n<td>\u00a0<img loading=\"lazy\" decoding=\"async\" class=\"size-full wp-image-653 aligncenter\" src=\"https:\/\/www.lycee-charles-nodier-ac-besancon.fr\/wordpress\/wp-content\/uploads\/2016\/07\/exao1.jpg\" alt=\"exao1\" width=\"350\" height=\"262\" srcset=\"https:\/\/www.lycee-charles-nodier-ac-besancon.fr\/wordpress\/wp-content\/uploads\/2016\/07\/exao1.jpg 350w, https:\/\/www.lycee-charles-nodier-ac-besancon.fr\/wordpress\/wp-content\/uploads\/2016\/07\/exao1-300x225.jpg 300w\" sizes=\"auto, (max-width: 350px) 100vw, 350px\" \/><\/td>\n<td>\u00a0<img loading=\"lazy\" decoding=\"async\" class=\"size-full wp-image-652 aligncenter\" src=\"https:\/\/www.lycee-charles-nodier-ac-besancon.fr\/wordpress\/wp-content\/uploads\/2016\/07\/exao2.jpg\" alt=\"exao2\" width=\"350\" height=\"262\" srcset=\"https:\/\/www.lycee-charles-nodier-ac-besancon.fr\/wordpress\/wp-content\/uploads\/2016\/07\/exao2.jpg 350w, https:\/\/www.lycee-charles-nodier-ac-besancon.fr\/wordpress\/wp-content\/uploads\/2016\/07\/exao2-300x225.jpg 300w\" sizes=\"auto, (max-width: 350px) 100vw, 350px\" \/><\/td>\n<\/tr>\n<tr>\n<td colspan=\"2\">Utilisation l\u2019ExAO en TP (Spirographie en 2<sup class=\"typo_exposants\">nde<\/sup>)<\/td>\n<\/tr>\n<\/tbody>\n<\/table>\n<table border=\"0\" width=\"100%\" cellspacing=\"0\" cellpadding=\"0\">\n<tbody>\n<tr>\n<td>\u00a0<img loading=\"lazy\" decoding=\"async\" class=\"size-full wp-image-651 aligncenter\" src=\"https:\/\/www.lycee-charles-nodier-ac-besancon.fr\/wordpress\/wp-content\/uploads\/2016\/07\/tni.jpg\" alt=\"tni\" width=\"350\" height=\"262\" srcset=\"https:\/\/www.lycee-charles-nodier-ac-besancon.fr\/wordpress\/wp-content\/uploads\/2016\/07\/tni.jpg 350w, https:\/\/www.lycee-charles-nodier-ac-besancon.fr\/wordpress\/wp-content\/uploads\/2016\/07\/tni-300x225.jpg 300w\" sizes=\"auto, (max-width: 350px) 100vw, 350px\" \/><\/td>\n<td><\/td>\n<\/tr>\n<tr>\n<td colspan=\"2\">Utilisation du Tableau Num\u00e9rique Interactif en TP et en cours<\/td>\n<\/tr>\n<\/tbody>\n<\/table>\n<p><a href=\"https:\/\/www.lycee-charles-nodier-ac-besancon.fr\/wordpress\/programmes-de-svt\/\">Consulter les programmes de SVT de la 2<sup class=\"typo_exposants\">nde<\/sup> \u00e0 la Terminale<\/a>.<\/p>\n","protected":false},"excerpt":{"rendered":"<p>Pr\u00e9sentation des SVT au lyc\u00e9e Horaires de SVT en classes de 2nde, 1re et Terminale\u00a0: Cours TP Classe de 2nde 1h30 (en groupe) Classe de 1re L \/ ES 1h\u2026<\/p>\n<p> <a class=\"continue-reading-link\" href=\"https:\/\/www.lycee-charles-nodier-ac-besancon.fr\/wordpress\/les-svt-au-lycee\/\"><span>Lire la suite<\/span><i class=\"crycon-right-dir\"><\/i><\/a> <\/p>\n","protected":false},"author":2,"featured_media":628,"comment_status":"closed","ping_status":"open","sticky":false,"template":"","format":"standard","meta":{"footnotes":""},"categories":[51],"tags":[],"coauthors":[],"class_list":["post-650","post","type-post","status-publish","format-standard","has-post-thumbnail","hentry","category-svt"],"views":6477,"_links":{"self":[{"href":"https:\/\/www.lycee-charles-nodier-ac-besancon.fr\/wordpress\/wp-json\/wp\/v2\/posts\/650","targetHints":{"allow":["GET"]}}],"collection":[{"href":"https:\/\/www.lycee-charles-nodier-ac-besancon.fr\/wordpress\/wp-json\/wp\/v2\/posts"}],"about":[{"href":"https:\/\/www.lycee-charles-nodier-ac-besancon.fr\/wordpress\/wp-json\/wp\/v2\/types\/post"}],"author":[{"embeddable":true,"href":"https:\/\/www.lycee-charles-nodier-ac-besancon.fr\/wordpress\/wp-json\/wp\/v2\/users\/2"}],"replies":[{"embeddable":true,"href":"https:\/\/www.lycee-charles-nodier-ac-besancon.fr\/wordpress\/wp-json\/wp\/v2\/comments?post=650"}],"version-history":[{"count":2,"href":"https:\/\/www.lycee-charles-nodier-ac-besancon.fr\/wordpress\/wp-json\/wp\/v2\/posts\/650\/revisions"}],"predecessor-version":[{"id":667,"href":"https:\/\/www.lycee-charles-nodier-ac-besancon.fr\/wordpress\/wp-json\/wp\/v2\/posts\/650\/revisions\/667"}],"wp:featuredmedia":[{"embeddable":true,"href":"https:\/\/www.lycee-charles-nodier-ac-besancon.fr\/wordpress\/wp-json\/wp\/v2\/media\/628"}],"wp:attachment":[{"href":"https:\/\/www.lycee-charles-nodier-ac-besancon.fr\/wordpress\/wp-json\/wp\/v2\/media?parent=650"}],"wp:term":[{"taxonomy":"category","embeddable":true,"href":"https:\/\/www.lycee-charles-nodier-ac-besancon.fr\/wordpress\/wp-json\/wp\/v2\/categories?post=650"},{"taxonomy":"post_tag","embeddable":true,"href":"https:\/\/www.lycee-charles-nodier-ac-besancon.fr\/wordpress\/wp-json\/wp\/v2\/tags?post=650"},{"taxonomy":"author","embeddable":true,"href":"https:\/\/www.lycee-charles-nodier-ac-besancon.fr\/wordpress\/wp-json\/wp\/v2\/coauthors?post=650"}],"curies":[{"name":"wp","href":"https:\/\/api.w.org\/{rel}","templated":true}]}}