{"id":6770,"date":"2025-04-16T21:13:34","date_gmt":"2025-04-16T19:13:34","guid":{"rendered":"https:\/\/www.lycee-charles-nodier-ac-besancon.fr\/wordpress\/?p=6770"},"modified":"2025-04-16T21:13:34","modified_gmt":"2025-04-16T19:13:34","slug":"une-classe-un-chercheur","status":"publish","type":"post","link":"https:\/\/www.lycee-charles-nodier-ac-besancon.fr\/wordpress\/une-classe-un-chercheur\/","title":{"rendered":"Une classe un chercheur"},"content":{"rendered":"\n<figure class=\"wp-block-image size-large\"><img loading=\"lazy\" decoding=\"async\" width=\"1024\" height=\"768\" src=\"https:\/\/www.lycee-charles-nodier-ac-besancon.fr\/wordpress\/wp-content\/uploads\/2025\/04\/IMG_20250313_145754-1-1024x768.jpg\" alt=\"\" class=\"wp-image-6773\" srcset=\"https:\/\/www.lycee-charles-nodier-ac-besancon.fr\/wordpress\/wp-content\/uploads\/2025\/04\/IMG_20250313_145754-1-1024x768.jpg 1024w, https:\/\/www.lycee-charles-nodier-ac-besancon.fr\/wordpress\/wp-content\/uploads\/2025\/04\/IMG_20250313_145754-1-300x225.jpg 300w, https:\/\/www.lycee-charles-nodier-ac-besancon.fr\/wordpress\/wp-content\/uploads\/2025\/04\/IMG_20250313_145754-1-768x576.jpg 768w, https:\/\/www.lycee-charles-nodier-ac-besancon.fr\/wordpress\/wp-content\/uploads\/2025\/04\/IMG_20250313_145754-1-1536x1152.jpg 1536w, https:\/\/www.lycee-charles-nodier-ac-besancon.fr\/wordpress\/wp-content\/uploads\/2025\/04\/IMG_20250313_145754-1-2048x1536.jpg 2048w, https:\/\/www.lycee-charles-nodier-ac-besancon.fr\/wordpress\/wp-content\/uploads\/2025\/04\/IMG_20250313_145754-1-150x113.jpg 150w, https:\/\/www.lycee-charles-nodier-ac-besancon.fr\/wordpress\/wp-content\/uploads\/2025\/04\/IMG_20250313_145754-1-416x311.jpg 416w, https:\/\/www.lycee-charles-nodier-ac-besancon.fr\/wordpress\/wp-content\/uploads\/2025\/04\/IMG_20250313_145754-1-200x150.jpg 200w\" sizes=\"auto, (max-width: 1024px) 100vw, 1024px\" \/><\/figure>\n\n\n\n<p>Dans le cadre du dispositif \u00ab\u00a0une classe un chercheur\u00a0\u00bb, les \u00e9l\u00e8ves de seconde option Sciences et Laboratoire se sont rendus \u00e0 l&rsquo;Universit\u00e9 Marie et Louis Pasteur de Besan\u00e7on, le 13 mars dernier, pour visiter les laboratoires\u00a0de l&rsquo;institut UTINAM (Univers, th\u00e9orie, interfaces, nanostructures, atmosph\u00e8re et environnement, mol\u00e9cules).<\/p>\n\n\n\n<p>Encadr\u00e9s par des enseignants chercheurs, les \u00e9l\u00e8ves ont d\u00e9couvert plusieurs techniques d&rsquo;analyse en physique et en chimie : la Microscopie \u00e0 Force Atomique AFM, la Microscopie \u00e9lectronique \u00e0 balayage MEB, la R\u00e9sonance Magn\u00e9tique Nucl\u00e9aire RMN, la diffraction aux RX ainsi que les techniques du traitement de surface.<\/p>\n\n\n<div class=\"wp-block-image\">\n<figure class=\"aligncenter size-full\"><img loading=\"lazy\" decoding=\"async\" width=\"779\" height=\"494\" src=\"https:\/\/www.lycee-charles-nodier-ac-besancon.fr\/wordpress\/wp-content\/uploads\/2025\/04\/image-8.png\" alt=\"\" class=\"wp-image-6792\" srcset=\"https:\/\/www.lycee-charles-nodier-ac-besancon.fr\/wordpress\/wp-content\/uploads\/2025\/04\/image-8.png 779w, https:\/\/www.lycee-charles-nodier-ac-besancon.fr\/wordpress\/wp-content\/uploads\/2025\/04\/image-8-300x190.png 300w, https:\/\/www.lycee-charles-nodier-ac-besancon.fr\/wordpress\/wp-content\/uploads\/2025\/04\/image-8-768x487.png 768w, https:\/\/www.lycee-charles-nodier-ac-besancon.fr\/wordpress\/wp-content\/uploads\/2025\/04\/image-8-150x95.png 150w, https:\/\/www.lycee-charles-nodier-ac-besancon.fr\/wordpress\/wp-content\/uploads\/2025\/04\/image-8-237x150.png 237w\" sizes=\"auto, (max-width: 779px) 100vw, 779px\" \/><\/figure>\n<\/div>\n\n\n<p>Apr\u00e8s avoir d\u00e9jeun\u00e9s au restaurant Universitaire, les \u00e9l\u00e8ves ont visit\u00e9 la Biblioth\u00e8que Universitaire puis ont particip\u00e9 \u00e0 un jeu sur le th\u00e8me de l&rsquo;orientation.<\/p>\n\n\n","protected":false},"excerpt":{"rendered":"<p>Dans le cadre du dispositif \u00ab\u00a0une classe un chercheur\u00a0\u00bb, les \u00e9l\u00e8ves de seconde option Sciences et Laboratoire se sont rendus \u00e0 l&rsquo;Universit\u00e9 Marie et Louis Pasteur de Besan\u00e7on, le 13\u2026<\/p>\n<p> <a class=\"continue-reading-link\" href=\"https:\/\/www.lycee-charles-nodier-ac-besancon.fr\/wordpress\/une-classe-un-chercheur\/\"><span>Lire la suite<\/span><i class=\"crycon-right-dir\"><\/i><\/a> <\/p>\n","protected":false},"author":8,"featured_media":6773,"comment_status":"closed","ping_status":"open","sticky":false,"template":"","format":"standard","meta":{"footnotes":""},"categories":[34,71],"tags":[],"coauthors":[181],"class_list":["post-6770","post","type-post","status-publish","format-standard","has-post-thumbnail","hentry","category-activites_concours","category-sciences_labo"],"views":618,"_links":{"self":[{"href":"https:\/\/www.lycee-charles-nodier-ac-besancon.fr\/wordpress\/wp-json\/wp\/v2\/posts\/6770","targetHints":{"allow":["GET"]}}],"collection":[{"href":"https:\/\/www.lycee-charles-nodier-ac-besancon.fr\/wordpress\/wp-json\/wp\/v2\/posts"}],"about":[{"href":"https:\/\/www.lycee-charles-nodier-ac-besancon.fr\/wordpress\/wp-json\/wp\/v2\/types\/post"}],"author":[{"embeddable":true,"href":"https:\/\/www.lycee-charles-nodier-ac-besancon.fr\/wordpress\/wp-json\/wp\/v2\/users\/8"}],"replies":[{"embeddable":true,"href":"https:\/\/www.lycee-charles-nodier-ac-besancon.fr\/wordpress\/wp-json\/wp\/v2\/comments?post=6770"}],"version-history":[{"count":11,"href":"https:\/\/www.lycee-charles-nodier-ac-besancon.fr\/wordpress\/wp-json\/wp\/v2\/posts\/6770\/revisions"}],"predecessor-version":[{"id":6793,"href":"https:\/\/www.lycee-charles-nodier-ac-besancon.fr\/wordpress\/wp-json\/wp\/v2\/posts\/6770\/revisions\/6793"}],"wp:featuredmedia":[{"embeddable":true,"href":"https:\/\/www.lycee-charles-nodier-ac-besancon.fr\/wordpress\/wp-json\/wp\/v2\/media\/6773"}],"wp:attachment":[{"href":"https:\/\/www.lycee-charles-nodier-ac-besancon.fr\/wordpress\/wp-json\/wp\/v2\/media?parent=6770"}],"wp:term":[{"taxonomy":"category","embeddable":true,"href":"https:\/\/www.lycee-charles-nodier-ac-besancon.fr\/wordpress\/wp-json\/wp\/v2\/categories?post=6770"},{"taxonomy":"post_tag","embeddable":true,"href":"https:\/\/www.lycee-charles-nodier-ac-besancon.fr\/wordpress\/wp-json\/wp\/v2\/tags?post=6770"},{"taxonomy":"author","embeddable":true,"href":"https:\/\/www.lycee-charles-nodier-ac-besancon.fr\/wordpress\/wp-json\/wp\/v2\/coauthors?post=6770"}],"curies":[{"name":"wp","href":"https:\/\/api.w.org\/{rel}","templated":true}]}}