{"id":7021,"date":"2025-10-09T12:26:30","date_gmt":"2025-10-09T10:26:30","guid":{"rendered":"https:\/\/www.lycee-charles-nodier-ac-besancon.fr\/wordpress\/?p=7021"},"modified":"2025-10-09T12:26:31","modified_gmt":"2025-10-09T10:26:31","slug":"programme-de-mobilite-individuelle-picasso-mob-2025-2026","status":"publish","type":"post","link":"https:\/\/www.lycee-charles-nodier-ac-besancon.fr\/wordpress\/programme-de-mobilite-individuelle-picasso-mob-2025-2026\/","title":{"rendered":"Programme de mobilit\u00e9 individuelle Picasso Mob 2025-2026"},"content":{"rendered":"\n<p>Cette ann\u00e9e encore nous avons accueilli dans nos classes deux lyc\u00e9ennes espagnoles, <strong>Soraya<\/strong> et <strong>Elsa<\/strong> qui ont partag\u00e9 le quotidien des correspondantes fran\u00e7aises, pendant 4 semaines.\u00a0<\/p>\n<p><strong>Faustine et L\u00e9a<\/strong>, en classe de 2nde4 et 1\u00e8re2 au lyc\u00e9e Nodier s&rsquo;appr\u00eatent \u00e0 partir \u00e0 leur tour d\u00e9couvrir les Asturies, dans le nord de l&rsquo;Espagne du 17 octobre au 14 novembre.\u00a0<\/p>\n<p>Nous leur souhaitons un excellent s\u00e9jour linguistique!<\/p>\n<p><em><span style=\"font-size: 10pt\">Pour tout savoir sur le programme de mobilit\u00e9 Picasso Mob consultez le site de la DRAREIC.<\/span><\/em><\/p>\n<p>\u00a0<\/p>\n\n\n\n<figure class=\"wp-block-image\"><img loading=\"lazy\" decoding=\"async\" width=\"1200\" height=\"1600\" src=\"https:\/\/www.lycee-charles-nodier-ac-besancon.fr\/wordpress\/wp-content\/uploads\/2025\/10\/IMG-20250923-WA0001.jpg\" alt=\"\" class=\"wp-image-7022\" srcset=\"https:\/\/www.lycee-charles-nodier-ac-besancon.fr\/wordpress\/wp-content\/uploads\/2025\/10\/IMG-20250923-WA0001.jpg 1200w, https:\/\/www.lycee-charles-nodier-ac-besancon.fr\/wordpress\/wp-content\/uploads\/2025\/10\/IMG-20250923-WA0001-225x300.jpg 225w, https:\/\/www.lycee-charles-nodier-ac-besancon.fr\/wordpress\/wp-content\/uploads\/2025\/10\/IMG-20250923-WA0001-768x1024.jpg 768w, https:\/\/www.lycee-charles-nodier-ac-besancon.fr\/wordpress\/wp-content\/uploads\/2025\/10\/IMG-20250923-WA0001-1152x1536.jpg 1152w, https:\/\/www.lycee-charles-nodier-ac-besancon.fr\/wordpress\/wp-content\/uploads\/2025\/10\/IMG-20250923-WA0001-113x150.jpg 113w\" sizes=\"auto, (max-width: 1200px) 100vw, 1200px\" \/><\/figure>\n\n\n","protected":false},"excerpt":{"rendered":"<p>Cette ann\u00e9e encore nous avons accueilli dans nos classes deux lyc\u00e9ennes espagnoles, Soraya et Elsa qui ont partag\u00e9 le quotidien des correspondantes fran\u00e7aises, pendant 4 semaines.\u00a0 Faustine et L\u00e9a, en\u2026<\/p>\n<p> <a class=\"continue-reading-link\" href=\"https:\/\/www.lycee-charles-nodier-ac-besancon.fr\/wordpress\/programme-de-mobilite-individuelle-picasso-mob-2025-2026\/\"><span>Lire la suite<\/span><i class=\"crycon-right-dir\"><\/i><\/a> <\/p>\n","protected":false},"author":15,"featured_media":7022,"comment_status":"closed","ping_status":"open","sticky":false,"template":"","format":"standard","meta":{"footnotes":""},"categories":[103,61,32],"tags":[],"coauthors":[165],"class_list":["post-7021","post","type-post","status-publish","format-standard","has-post-thumbnail","hentry","category-international-erasmus","category-espagnol","category-voyages"],"views":487,"_links":{"self":[{"href":"https:\/\/www.lycee-charles-nodier-ac-besancon.fr\/wordpress\/wp-json\/wp\/v2\/posts\/7021","targetHints":{"allow":["GET"]}}],"collection":[{"href":"https:\/\/www.lycee-charles-nodier-ac-besancon.fr\/wordpress\/wp-json\/wp\/v2\/posts"}],"about":[{"href":"https:\/\/www.lycee-charles-nodier-ac-besancon.fr\/wordpress\/wp-json\/wp\/v2\/types\/post"}],"author":[{"embeddable":true,"href":"https:\/\/www.lycee-charles-nodier-ac-besancon.fr\/wordpress\/wp-json\/wp\/v2\/users\/15"}],"replies":[{"embeddable":true,"href":"https:\/\/www.lycee-charles-nodier-ac-besancon.fr\/wordpress\/wp-json\/wp\/v2\/comments?post=7021"}],"version-history":[{"count":1,"href":"https:\/\/www.lycee-charles-nodier-ac-besancon.fr\/wordpress\/wp-json\/wp\/v2\/posts\/7021\/revisions"}],"predecessor-version":[{"id":7023,"href":"https:\/\/www.lycee-charles-nodier-ac-besancon.fr\/wordpress\/wp-json\/wp\/v2\/posts\/7021\/revisions\/7023"}],"wp:featuredmedia":[{"embeddable":true,"href":"https:\/\/www.lycee-charles-nodier-ac-besancon.fr\/wordpress\/wp-json\/wp\/v2\/media\/7022"}],"wp:attachment":[{"href":"https:\/\/www.lycee-charles-nodier-ac-besancon.fr\/wordpress\/wp-json\/wp\/v2\/media?parent=7021"}],"wp:term":[{"taxonomy":"category","embeddable":true,"href":"https:\/\/www.lycee-charles-nodier-ac-besancon.fr\/wordpress\/wp-json\/wp\/v2\/categories?post=7021"},{"taxonomy":"post_tag","embeddable":true,"href":"https:\/\/www.lycee-charles-nodier-ac-besancon.fr\/wordpress\/wp-json\/wp\/v2\/tags?post=7021"},{"taxonomy":"author","embeddable":true,"href":"https:\/\/www.lycee-charles-nodier-ac-besancon.fr\/wordpress\/wp-json\/wp\/v2\/coauthors?post=7021"}],"curies":[{"name":"wp","href":"https:\/\/api.w.org\/{rel}","templated":true}]}}