{"id":709,"date":"2015-12-02T17:40:26","date_gmt":"2015-12-02T16:40:26","guid":{"rendered":"http:\/\/www.lycee-charles-nodier-ac-besancon.fr\/wordpress\/?p=709"},"modified":"2016-07-29T15:16:27","modified_gmt":"2016-07-29T13:16:27","slug":"la-robe-point-de-rencontre-entre-litterature-et-arts-plastiques","status":"publish","type":"post","link":"https:\/\/www.lycee-charles-nodier-ac-besancon.fr\/wordpress\/la-robe-point-de-rencontre-entre-litterature-et-arts-plastiques\/","title":{"rendered":"La robe : point de rencontre entre litt\u00e9rature et arts plastiques"},"content":{"rendered":"<p>Dans le cadre d\u2019un partenariat avec les Sc\u00e8nes du Jura portant sur le th\u00e8me des r\u00e9\u00e9critures, les \u00e9l\u00e8ves de 1L2 sp\u00e9cialit\u00e9 arts plastiques ont r\u00e9alis\u00e9 des robes transposant plastiquement (par la forme, les couleurs, les mat\u00e9riaux) les caract\u00e8res de 4 h\u00e9ro\u00efnes de Shakespeare.<\/p>\n<p><img loading=\"lazy\" decoding=\"async\" class=\"size-full wp-image-711 aligncenter\" src=\"https:\/\/www.lycee-charles-nodier-ac-besancon.fr\/wordpress\/wp-content\/uploads\/2016\/07\/robes.jpg\" alt=\"robes\" width=\"682\" height=\"430\" srcset=\"https:\/\/www.lycee-charles-nodier-ac-besancon.fr\/wordpress\/wp-content\/uploads\/2016\/07\/robes.jpg 682w, https:\/\/www.lycee-charles-nodier-ac-besancon.fr\/wordpress\/wp-content\/uploads\/2016\/07\/robes-300x189.jpg 300w\" sizes=\"auto, (max-width: 682px) 100vw, 682px\" \/><\/p>\n<p>Cette r\u00e9alisation s\u2019inscrit dans un projet interdisciplinaire fran\u00e7ais \/ arts plastiques qui se d\u00e9roule en plusieurs \u00e9tapes\u00a0:<br \/>\n&#8211; 4 spectacles des Sc\u00e8nes du Jura ont \u00e9t\u00e9 propos\u00e9s aux \u00e9l\u00e8ves de 1L1 et 1L2<br \/>\n&#8211; les 2 classes participent \u00e0 des ateliers d\u2019\u00e9criture avec les auteurs<br \/>\n&#8211; les \u00e9l\u00e8ves pr\u00e9senteront leurs robes \u00e0 Mariette Navarro (autrice du spectacle \u00ab\u00a0Les puissantes\u00a0\u00bb) le vendredi 4 d\u00e9cembre \u00e0 10h30.<\/p>\n","protected":false},"excerpt":{"rendered":"<p>Dans le cadre d\u2019un partenariat avec les Sc\u00e8nes du Jura portant sur le th\u00e8me des r\u00e9\u00e9critures, les \u00e9l\u00e8ves de 1L2 sp\u00e9cialit\u00e9 arts plastiques ont r\u00e9alis\u00e9 des robes transposant plastiquement (par\u2026<\/p>\n<p> <a class=\"continue-reading-link\" href=\"https:\/\/www.lycee-charles-nodier-ac-besancon.fr\/wordpress\/la-robe-point-de-rencontre-entre-litterature-et-arts-plastiques\/\"><span>Lire la suite<\/span><i class=\"crycon-right-dir\"><\/i><\/a> <\/p>\n","protected":false},"author":2,"featured_media":710,"comment_status":"closed","ping_status":"open","sticky":false,"template":"","format":"standard","meta":{"footnotes":""},"categories":[34,65],"tags":[],"coauthors":[],"class_list":["post-709","post","type-post","status-publish","format-standard","has-post-thumbnail","hentry","category-activites_concours","category-arts_plastiques"],"views":3259,"_links":{"self":[{"href":"https:\/\/www.lycee-charles-nodier-ac-besancon.fr\/wordpress\/wp-json\/wp\/v2\/posts\/709","targetHints":{"allow":["GET"]}}],"collection":[{"href":"https:\/\/www.lycee-charles-nodier-ac-besancon.fr\/wordpress\/wp-json\/wp\/v2\/posts"}],"about":[{"href":"https:\/\/www.lycee-charles-nodier-ac-besancon.fr\/wordpress\/wp-json\/wp\/v2\/types\/post"}],"author":[{"embeddable":true,"href":"https:\/\/www.lycee-charles-nodier-ac-besancon.fr\/wordpress\/wp-json\/wp\/v2\/users\/2"}],"replies":[{"embeddable":true,"href":"https:\/\/www.lycee-charles-nodier-ac-besancon.fr\/wordpress\/wp-json\/wp\/v2\/comments?post=709"}],"version-history":[{"count":1,"href":"https:\/\/www.lycee-charles-nodier-ac-besancon.fr\/wordpress\/wp-json\/wp\/v2\/posts\/709\/revisions"}],"predecessor-version":[{"id":712,"href":"https:\/\/www.lycee-charles-nodier-ac-besancon.fr\/wordpress\/wp-json\/wp\/v2\/posts\/709\/revisions\/712"}],"wp:featuredmedia":[{"embeddable":true,"href":"https:\/\/www.lycee-charles-nodier-ac-besancon.fr\/wordpress\/wp-json\/wp\/v2\/media\/710"}],"wp:attachment":[{"href":"https:\/\/www.lycee-charles-nodier-ac-besancon.fr\/wordpress\/wp-json\/wp\/v2\/media?parent=709"}],"wp:term":[{"taxonomy":"category","embeddable":true,"href":"https:\/\/www.lycee-charles-nodier-ac-besancon.fr\/wordpress\/wp-json\/wp\/v2\/categories?post=709"},{"taxonomy":"post_tag","embeddable":true,"href":"https:\/\/www.lycee-charles-nodier-ac-besancon.fr\/wordpress\/wp-json\/wp\/v2\/tags?post=709"},{"taxonomy":"author","embeddable":true,"href":"https:\/\/www.lycee-charles-nodier-ac-besancon.fr\/wordpress\/wp-json\/wp\/v2\/coauthors?post=709"}],"curies":[{"name":"wp","href":"https:\/\/api.w.org\/{rel}","templated":true}]}}