{"id":7258,"date":"2026-04-26T19:23:19","date_gmt":"2026-04-26T17:23:19","guid":{"rendered":"https:\/\/www.lycee-charles-nodier-ac-besancon.fr\/wordpress\/?p=7258"},"modified":"2026-04-26T19:23:19","modified_gmt":"2026-04-26T17:23:19","slug":"participation-aux-journees-de-lallemagne","status":"publish","type":"post","link":"https:\/\/www.lycee-charles-nodier-ac-besancon.fr\/wordpress\/participation-aux-journees-de-lallemagne\/","title":{"rendered":"Participation aux Journ\u00e9es de l&rsquo;Allemagne"},"content":{"rendered":"\n<p>Mardi 21 avril, les \u00e9l\u00e8ves de 2\u00b01 et les \u00e9l\u00e8ves de 1\u00e8re europ\u00e9enne ont pu participer au Journ\u00e9es de l&rsquo;Allemagne, organis\u00e9es \u00e0 Besan\u00e7on par l&rsquo;Universit\u00e9 Marie et Louis Pasteur \u00e0 l\u2019occasion des 10 ans de la licence franco-allemande et du lancement d\u2019un nouveau master. L&rsquo;objectif de cette journ\u00e9e \u00e9tait de c\u00e9l\u00e9brer le couple franco-allemand \u00e0 travers d&rsquo;ateliers et de pr\u00e9sentations riches et \u00e0 port\u00e9e de toutes et tous : th\u00e9\u00e2tre, visite de l&rsquo;universit\u00e9, atelier linguistique, quiz, pr\u00e9sentations des programmes de mobilit\u00e9s et t\u00e9moignages d&rsquo;\u00e9tudiants fran\u00e7ais et allemands ou encore une exposition.&nbsp;<\/p>\n<p>&nbsp;<\/p>\n\n\n<div class=\"wp-block-image\">\n<figure class=\"aligncenter size-large is-resized\"><img loading=\"lazy\" decoding=\"async\" width=\"819\" height=\"1024\" src=\"https:\/\/www.lycee-charles-nodier-ac-besancon.fr\/wordpress\/wp-content\/uploads\/2026\/04\/2026-03-25_visuel_post_vf_ic-819x1024.png\" alt=\"\" class=\"wp-image-7263\" style=\"aspect-ratio:0.799809538162977;width:292px;height:auto\" srcset=\"https:\/\/www.lycee-charles-nodier-ac-besancon.fr\/wordpress\/wp-content\/uploads\/2026\/04\/2026-03-25_visuel_post_vf_ic-819x1024.png 819w, https:\/\/www.lycee-charles-nodier-ac-besancon.fr\/wordpress\/wp-content\/uploads\/2026\/04\/2026-03-25_visuel_post_vf_ic-240x300.png 240w, https:\/\/www.lycee-charles-nodier-ac-besancon.fr\/wordpress\/wp-content\/uploads\/2026\/04\/2026-03-25_visuel_post_vf_ic-768x960.png 768w, https:\/\/www.lycee-charles-nodier-ac-besancon.fr\/wordpress\/wp-content\/uploads\/2026\/04\/2026-03-25_visuel_post_vf_ic-120x150.png 120w, https:\/\/www.lycee-charles-nodier-ac-besancon.fr\/wordpress\/wp-content\/uploads\/2026\/04\/2026-03-25_visuel_post_vf_ic.png 960w\" sizes=\"auto, (max-width: 819px) 100vw, 819px\" \/><\/figure>\n<\/div>\n\n\n<figure class=\"wp-block-gallery has-nested-images columns-default is-cropped wp-block-gallery-1 is-layout-flex wp-block-gallery-is-layout-flex\">\n<figure class=\"wp-block-image size-large\"><img loading=\"lazy\" decoding=\"async\" width=\"1024\" height=\"768\" data-id=\"7259\" src=\"https:\/\/www.lycee-charles-nodier-ac-besancon.fr\/wordpress\/wp-content\/uploads\/2026\/04\/IMG_20260421_140815_204-1024x768.jpg\" alt=\"\" class=\"wp-image-7259\" srcset=\"https:\/\/www.lycee-charles-nodier-ac-besancon.fr\/wordpress\/wp-content\/uploads\/2026\/04\/IMG_20260421_140815_204-1024x768.jpg 1024w, https:\/\/www.lycee-charles-nodier-ac-besancon.fr\/wordpress\/wp-content\/uploads\/2026\/04\/IMG_20260421_140815_204-300x225.jpg 300w, https:\/\/www.lycee-charles-nodier-ac-besancon.fr\/wordpress\/wp-content\/uploads\/2026\/04\/IMG_20260421_140815_204-768x576.jpg 768w, https:\/\/www.lycee-charles-nodier-ac-besancon.fr\/wordpress\/wp-content\/uploads\/2026\/04\/IMG_20260421_140815_204-1536x1152.jpg 1536w, https:\/\/www.lycee-charles-nodier-ac-besancon.fr\/wordpress\/wp-content\/uploads\/2026\/04\/IMG_20260421_140815_204-2048x1536.jpg 2048w, https:\/\/www.lycee-charles-nodier-ac-besancon.fr\/wordpress\/wp-content\/uploads\/2026\/04\/IMG_20260421_140815_204-150x113.jpg 150w, https:\/\/www.lycee-charles-nodier-ac-besancon.fr\/wordpress\/wp-content\/uploads\/2026\/04\/IMG_20260421_140815_204-416x311.jpg 416w, https:\/\/www.lycee-charles-nodier-ac-besancon.fr\/wordpress\/wp-content\/uploads\/2026\/04\/IMG_20260421_140815_204-200x150.jpg 200w\" sizes=\"auto, (max-width: 1024px) 100vw, 1024px\" \/><\/figure>\n\n\n\n<figure class=\"wp-block-image size-large\"><img loading=\"lazy\" decoding=\"async\" width=\"1024\" height=\"768\" data-id=\"7261\" src=\"https:\/\/www.lycee-charles-nodier-ac-besancon.fr\/wordpress\/wp-content\/uploads\/2026\/04\/IMG_20260421_143613_006-1024x768.jpg\" alt=\"\" class=\"wp-image-7261\" srcset=\"https:\/\/www.lycee-charles-nodier-ac-besancon.fr\/wordpress\/wp-content\/uploads\/2026\/04\/IMG_20260421_143613_006-1024x768.jpg 1024w, https:\/\/www.lycee-charles-nodier-ac-besancon.fr\/wordpress\/wp-content\/uploads\/2026\/04\/IMG_20260421_143613_006-300x225.jpg 300w, https:\/\/www.lycee-charles-nodier-ac-besancon.fr\/wordpress\/wp-content\/uploads\/2026\/04\/IMG_20260421_143613_006-768x576.jpg 768w, https:\/\/www.lycee-charles-nodier-ac-besancon.fr\/wordpress\/wp-content\/uploads\/2026\/04\/IMG_20260421_143613_006-1536x1152.jpg 1536w, https:\/\/www.lycee-charles-nodier-ac-besancon.fr\/wordpress\/wp-content\/uploads\/2026\/04\/IMG_20260421_143613_006-2048x1536.jpg 2048w, https:\/\/www.lycee-charles-nodier-ac-besancon.fr\/wordpress\/wp-content\/uploads\/2026\/04\/IMG_20260421_143613_006-150x113.jpg 150w, https:\/\/www.lycee-charles-nodier-ac-besancon.fr\/wordpress\/wp-content\/uploads\/2026\/04\/IMG_20260421_143613_006-416x311.jpg 416w, https:\/\/www.lycee-charles-nodier-ac-besancon.fr\/wordpress\/wp-content\/uploads\/2026\/04\/IMG_20260421_143613_006-200x150.jpg 200w\" sizes=\"auto, (max-width: 1024px) 100vw, 1024px\" \/><\/figure>\n\n\n\n<figure class=\"wp-block-image size-large\"><img loading=\"lazy\" decoding=\"async\" width=\"1024\" height=\"768\" data-id=\"7260\" src=\"https:\/\/www.lycee-charles-nodier-ac-besancon.fr\/wordpress\/wp-content\/uploads\/2026\/04\/IMG_20260421_152000_895-1024x768.jpg\" alt=\"\" class=\"wp-image-7260\" srcset=\"https:\/\/www.lycee-charles-nodier-ac-besancon.fr\/wordpress\/wp-content\/uploads\/2026\/04\/IMG_20260421_152000_895-1024x768.jpg 1024w, https:\/\/www.lycee-charles-nodier-ac-besancon.fr\/wordpress\/wp-content\/uploads\/2026\/04\/IMG_20260421_152000_895-300x225.jpg 300w, https:\/\/www.lycee-charles-nodier-ac-besancon.fr\/wordpress\/wp-content\/uploads\/2026\/04\/IMG_20260421_152000_895-768x576.jpg 768w, https:\/\/www.lycee-charles-nodier-ac-besancon.fr\/wordpress\/wp-content\/uploads\/2026\/04\/IMG_20260421_152000_895-1536x1152.jpg 1536w, https:\/\/www.lycee-charles-nodier-ac-besancon.fr\/wordpress\/wp-content\/uploads\/2026\/04\/IMG_20260421_152000_895-2048x1536.jpg 2048w, https:\/\/www.lycee-charles-nodier-ac-besancon.fr\/wordpress\/wp-content\/uploads\/2026\/04\/IMG_20260421_152000_895-150x113.jpg 150w, https:\/\/www.lycee-charles-nodier-ac-besancon.fr\/wordpress\/wp-content\/uploads\/2026\/04\/IMG_20260421_152000_895-416x311.jpg 416w, https:\/\/www.lycee-charles-nodier-ac-besancon.fr\/wordpress\/wp-content\/uploads\/2026\/04\/IMG_20260421_152000_895-200x150.jpg 200w\" sizes=\"auto, (max-width: 1024px) 100vw, 1024px\" \/><\/figure>\n<\/figure>\n\n\n\n<p>Cette exp\u00e9rience a permis aux \u00e9l\u00e8ves de comprendre l&rsquo;int\u00e9r\u00eat de l&rsquo;apprentissage de l&rsquo;allemand pour leur futur cursus et leur vie professionnelle mais aussi personnelle.\u00a0<\/p>\n<p>F\u00e9licitations aux 7 \u00e9l\u00e8ves qui avaient gagn\u00e9 en amont une participation \u00e0 un atelier de th\u00e9\u00e2tre et au groupe d&rsquo;\u00e9l\u00e8ve qui a obtenu la 3\u00e8me place du quiz.<\/p>\n<p>Un grand merci \u00e0 l&rsquo;Universit\u00e9 Marie et Louis Pasteur pour l&rsquo;organisation de cette belle journ\u00e9e autour de l&rsquo;allemand ainsi qu&rsquo;\u00e0 tous les intervenants !<\/p>\n","protected":false},"excerpt":{"rendered":"<p>Mardi 21 avril, les \u00e9l\u00e8ves de 2\u00b01 et les \u00e9l\u00e8ves de 1\u00e8re europ\u00e9enne ont pu participer au Journ\u00e9es de l&rsquo;Allemagne, organis\u00e9es \u00e0 Besan\u00e7on par l&rsquo;Universit\u00e9 Marie et Louis Pasteur \u00e0\u2026<\/p>\n<p> <a class=\"continue-reading-link\" href=\"https:\/\/www.lycee-charles-nodier-ac-besancon.fr\/wordpress\/participation-aux-journees-de-lallemagne\/\"><span>Lire la suite<\/span><i class=\"crycon-right-dir\"><\/i><\/a> <\/p>\n","protected":false},"author":110,"featured_media":7263,"comment_status":"closed","ping_status":"open","sticky":false,"template":"","format":"standard","meta":{"footnotes":""},"categories":[103,17,69,68,92,91,93,42],"tags":[175,176,222],"coauthors":[173],"class_list":["post-7258","post","type-post","status-publish","format-standard","has-post-thumbnail","hentry","category-international-erasmus","category-actualite","category-allemand","category-dnl_allemand","category-eleves","category-parents","category-personnels","category-sections_europeennes","tag-allemand","tag-section-europeenne","tag-universite"],"views":7,"_links":{"self":[{"href":"https:\/\/www.lycee-charles-nodier-ac-besancon.fr\/wordpress\/wp-json\/wp\/v2\/posts\/7258","targetHints":{"allow":["GET"]}}],"collection":[{"href":"https:\/\/www.lycee-charles-nodier-ac-besancon.fr\/wordpress\/wp-json\/wp\/v2\/posts"}],"about":[{"href":"https:\/\/www.lycee-charles-nodier-ac-besancon.fr\/wordpress\/wp-json\/wp\/v2\/types\/post"}],"author":[{"embeddable":true,"href":"https:\/\/www.lycee-charles-nodier-ac-besancon.fr\/wordpress\/wp-json\/wp\/v2\/users\/110"}],"replies":[{"embeddable":true,"href":"https:\/\/www.lycee-charles-nodier-ac-besancon.fr\/wordpress\/wp-json\/wp\/v2\/comments?post=7258"}],"version-history":[{"count":3,"href":"https:\/\/www.lycee-charles-nodier-ac-besancon.fr\/wordpress\/wp-json\/wp\/v2\/posts\/7258\/revisions"}],"predecessor-version":[{"id":7265,"href":"https:\/\/www.lycee-charles-nodier-ac-besancon.fr\/wordpress\/wp-json\/wp\/v2\/posts\/7258\/revisions\/7265"}],"wp:featuredmedia":[{"embeddable":true,"href":"https:\/\/www.lycee-charles-nodier-ac-besancon.fr\/wordpress\/wp-json\/wp\/v2\/media\/7263"}],"wp:attachment":[{"href":"https:\/\/www.lycee-charles-nodier-ac-besancon.fr\/wordpress\/wp-json\/wp\/v2\/media?parent=7258"}],"wp:term":[{"taxonomy":"category","embeddable":true,"href":"https:\/\/www.lycee-charles-nodier-ac-besancon.fr\/wordpress\/wp-json\/wp\/v2\/categories?post=7258"},{"taxonomy":"post_tag","embeddable":true,"href":"https:\/\/www.lycee-charles-nodier-ac-besancon.fr\/wordpress\/wp-json\/wp\/v2\/tags?post=7258"},{"taxonomy":"author","embeddable":true,"href":"https:\/\/www.lycee-charles-nodier-ac-besancon.fr\/wordpress\/wp-json\/wp\/v2\/coauthors?post=7258"}],"curies":[{"name":"wp","href":"https:\/\/api.w.org\/{rel}","templated":true}]}}