{"id":805,"date":"2014-02-24T08:17:54","date_gmt":"2014-02-24T07:17:54","guid":{"rendered":"http:\/\/www.lycee-charles-nodier-ac-besancon.fr\/wordpress\/?p=805"},"modified":"2016-07-29T15:25:32","modified_gmt":"2016-07-29T13:25:32","slug":"telethon-2013","status":"publish","type":"post","link":"https:\/\/www.lycee-charles-nodier-ac-besancon.fr\/wordpress\/telethon-2013\/","title":{"rendered":"T\u00e9l\u00e9thon 2013"},"content":{"rendered":"<p><img loading=\"lazy\" decoding=\"async\" class=\"size-full wp-image-806 aligncenter\" src=\"https:\/\/www.lycee-charles-nodier-ac-besancon.fr\/wordpress\/wp-content\/uploads\/2016\/07\/100000000000025800000145d0c4e463.jpg\" alt=\"100000000000025800000145d0c4e463\" width=\"643\" height=\"348\" srcset=\"https:\/\/www.lycee-charles-nodier-ac-besancon.fr\/wordpress\/wp-content\/uploads\/2016\/07\/100000000000025800000145d0c4e463.jpg 643w, https:\/\/www.lycee-charles-nodier-ac-besancon.fr\/wordpress\/wp-content\/uploads\/2016\/07\/100000000000025800000145d0c4e463-300x162.jpg 300w\" sizes=\"auto, (max-width: 643px) 100vw, 643px\" \/><\/p>\n<p>Cette ann\u00e9e encore, nos \u00e9l\u00e8ves membres du Conseil de Vie Lyc\u00e9enne ont souhait\u00e9 participer au T\u00e9l\u00e9thon. D\u00e9bordant d\u2019imagination, ils ont retenu l\u2019id\u00e9e de r\u00e9aliser une chaine humaine. Ils ont aussi souhait\u00e9 inviter les \u00e9l\u00e8ves des Lyc\u00e9es Duhamel et Pr\u00e9vert \u00e0 participer \u00e0 cette action pour lui donner un caract\u00e8re inter-\u00e9tablissement.<\/p>\n<p>L\u2019op\u00e9ration se d\u00e9roulera le jeudi 5 d\u00e9cembre 2013 de 13 h \u00e0 15 h. Les cours seront suspendus durant cette p\u00e9riode, afin de permettre la participation du plus grand nombre.<\/p>\n<p>A 13h30, les \u00e9l\u00e8ves du Lyc\u00e9e Nodier, habill\u00e9s en jaune, couleur du T\u00e9l\u00e9thon, se retrouveront rue de Besan\u00e7on juste \u00e0 cot\u00e9 de la Place Gr\u00e9vy et formeront une cha\u00eene humaine en se donnant la main. Les \u00e9l\u00e8ves de Pr\u00e9vert et Duhamel feront de m\u00eame, de la Banque Populaire de la rue des Ar\u00e8nes \u00e0 la Coll\u00e9giale. Ces 2 cha\u00eenes formeront ainsi les deux brins de la chaine ADN. Un seul \u00e9l\u00e8ve habill\u00e9 d\u2019une autre couleur symbolisera l\u2019anomalie g\u00e9n\u00e9tique. Elles se rejoindront au pied de la Coll\u00e9giale pour effacer l\u2019anomalie en formant le mot TELETHON. Une banderole indiquant \u00ab\u00a0les Lyc\u00e9ens Dolois unis contre la maladie\u00a0\u00bb sera d\u00e9pos\u00e9e. Le tout sera film\u00e9 et photographi\u00e9 depuis le clocher de la Coll\u00e9giale.<\/p>\n","protected":false},"excerpt":{"rendered":"<p>Cette ann\u00e9e encore, nos \u00e9l\u00e8ves membres du Conseil de Vie Lyc\u00e9enne ont souhait\u00e9 participer au T\u00e9l\u00e9thon. D\u00e9bordant d\u2019imagination, ils ont retenu l\u2019id\u00e9e de r\u00e9aliser une chaine humaine. Ils ont aussi\u2026<\/p>\n<p> <a class=\"continue-reading-link\" href=\"https:\/\/www.lycee-charles-nodier-ac-besancon.fr\/wordpress\/telethon-2013\/\"><span>Lire la suite<\/span><i class=\"crycon-right-dir\"><\/i><\/a> <\/p>\n","protected":false},"author":2,"featured_media":570,"comment_status":"closed","ping_status":"open","sticky":false,"template":"","format":"standard","meta":{"footnotes":""},"categories":[3],"tags":[],"coauthors":[],"class_list":["post-805","post","type-post","status-publish","format-standard","has-post-thumbnail","hentry","category-cvl"],"views":2409,"_links":{"self":[{"href":"https:\/\/www.lycee-charles-nodier-ac-besancon.fr\/wordpress\/wp-json\/wp\/v2\/posts\/805","targetHints":{"allow":["GET"]}}],"collection":[{"href":"https:\/\/www.lycee-charles-nodier-ac-besancon.fr\/wordpress\/wp-json\/wp\/v2\/posts"}],"about":[{"href":"https:\/\/www.lycee-charles-nodier-ac-besancon.fr\/wordpress\/wp-json\/wp\/v2\/types\/post"}],"author":[{"embeddable":true,"href":"https:\/\/www.lycee-charles-nodier-ac-besancon.fr\/wordpress\/wp-json\/wp\/v2\/users\/2"}],"replies":[{"embeddable":true,"href":"https:\/\/www.lycee-charles-nodier-ac-besancon.fr\/wordpress\/wp-json\/wp\/v2\/comments?post=805"}],"version-history":[{"count":1,"href":"https:\/\/www.lycee-charles-nodier-ac-besancon.fr\/wordpress\/wp-json\/wp\/v2\/posts\/805\/revisions"}],"predecessor-version":[{"id":807,"href":"https:\/\/www.lycee-charles-nodier-ac-besancon.fr\/wordpress\/wp-json\/wp\/v2\/posts\/805\/revisions\/807"}],"wp:featuredmedia":[{"embeddable":true,"href":"https:\/\/www.lycee-charles-nodier-ac-besancon.fr\/wordpress\/wp-json\/wp\/v2\/media\/570"}],"wp:attachment":[{"href":"https:\/\/www.lycee-charles-nodier-ac-besancon.fr\/wordpress\/wp-json\/wp\/v2\/media?parent=805"}],"wp:term":[{"taxonomy":"category","embeddable":true,"href":"https:\/\/www.lycee-charles-nodier-ac-besancon.fr\/wordpress\/wp-json\/wp\/v2\/categories?post=805"},{"taxonomy":"post_tag","embeddable":true,"href":"https:\/\/www.lycee-charles-nodier-ac-besancon.fr\/wordpress\/wp-json\/wp\/v2\/tags?post=805"},{"taxonomy":"author","embeddable":true,"href":"https:\/\/www.lycee-charles-nodier-ac-besancon.fr\/wordpress\/wp-json\/wp\/v2\/coauthors?post=805"}],"curies":[{"name":"wp","href":"https:\/\/api.w.org\/{rel}","templated":true}]}}