{"id":81,"date":"2016-07-13T21:10:31","date_gmt":"2016-07-13T19:10:31","guid":{"rendered":"http:\/\/www.lycee-charles-nodier-ac-besancon.fr\/wordpress\/?p=81"},"modified":"2016-07-25T16:58:13","modified_gmt":"2016-07-25T14:58:13","slug":"correspondance-avec-les-professeurs-via-pronote","status":"publish","type":"post","link":"https:\/\/www.lycee-charles-nodier-ac-besancon.fr\/wordpress\/correspondance-avec-les-professeurs-via-pronote\/","title":{"rendered":"Correspondance avec les professeurs via Pronote"},"content":{"rendered":"<div class=\"crayon article-chapo-127 chapo crayon-init crayon-autorise\">\n<p>Ce tutoriel vous explique comment envoyer des mails (ou d\u00e9marrer des discussions) avec les professeurs avec l\u2019application Pronote.<\/p>\n<\/div>\n<div class=\"crayon article-texte-127 texte crayon-init crayon-autorise crayon-hover\">\n<p>Connectez-vous sur \u00ab\u00a0l\u2019espace parents\u00a0\u00bb \u00e0 l\u2019aide de l\u2019identifiant et mot de passe qui vous a \u00e9t\u00e9 remis par l\u2019\u00e9tablissement.<\/p>\n<\/div>\n<p><img loading=\"lazy\" decoding=\"async\" class=\"size-full wp-image-78 aligncenter\" src=\"https:\/\/www.lycee-charles-nodier-ac-besancon.fr\/wordpress\/wp-content\/uploads\/2016\/07\/connexion-pronote.jpg\" alt=\"connexion-pronote\" width=\"260\" height=\"182\" \/><\/p>\n<div class=\"crayon article-texte-127 texte crayon-init crayon-autorise crayon-hover\">\nCliquez sur l\u2019ic\u00f4ne \u00ab\u00a0Communiquer avec&#8230;\u00a0\u00bb\u00a0:<\/p>\n<p><img loading=\"lazy\" decoding=\"async\" class=\"wp-image-83 size-full aligncenter\" src=\"https:\/\/www.lycee-charles-nodier-ac-besancon.fr\/wordpress\/wp-content\/uploads\/2016\/07\/pronote-comm1.jpg\" alt=\"pronote-comm1\" width=\"788\" height=\"158\" srcset=\"https:\/\/www.lycee-charles-nodier-ac-besancon.fr\/wordpress\/wp-content\/uploads\/2016\/07\/pronote-comm1.jpg 788w, https:\/\/www.lycee-charles-nodier-ac-besancon.fr\/wordpress\/wp-content\/uploads\/2016\/07\/pronote-comm1-300x60.jpg 300w, https:\/\/www.lycee-charles-nodier-ac-besancon.fr\/wordpress\/wp-content\/uploads\/2016\/07\/pronote-comm1-768x154.jpg 768w\" sizes=\"auto, (max-width: 788px) 100vw, 788px\" \/><br \/>\nSi vous avez plusieurs enfants scolaris\u00e9s dans le lyc\u00e9e, s\u00e9lectionnez le compte enfant souhait\u00e9 afin d\u2019obtenir la liste des professeurs de sa classe\u00a0:<\/p>\n<p><img loading=\"lazy\" decoding=\"async\" class=\"wp-image-84 size-full aligncenter\" src=\"https:\/\/www.lycee-charles-nodier-ac-besancon.fr\/wordpress\/wp-content\/uploads\/2016\/07\/pronote-comm2.jpg\" alt=\"pronote-comm2\" width=\"232\" height=\"112\" \/><br \/>\nCochez ensuite le (ou les) professeur(s) souhait\u00e9(s)\u00a0:<\/p>\n<p><img loading=\"lazy\" decoding=\"async\" class=\"aligncenter wp-image-85 size-full\" src=\"https:\/\/www.lycee-charles-nodier-ac-besancon.fr\/wordpress\/wp-content\/uploads\/2016\/07\/pronote-comm3.jpg\" alt=\"pronote-comm3\" width=\"758\" height=\"479\" srcset=\"https:\/\/www.lycee-charles-nodier-ac-besancon.fr\/wordpress\/wp-content\/uploads\/2016\/07\/pronote-comm3.jpg 758w, https:\/\/www.lycee-charles-nodier-ac-besancon.fr\/wordpress\/wp-content\/uploads\/2016\/07\/pronote-comm3-300x190.jpg 300w\" sizes=\"auto, (max-width: 758px) 100vw, 758px\" \/><br class=\"autobr\" \/><span class=\"spip_document_320 spip_documents spip_documents_center\">\u00a0  <\/span><br class=\"autobr\" \/>Vous avez alors la possibilit\u00e9\u00a0:<\/p>\n<ul class=\"spip\">\n<li>de r\u00e9diger un mail (\u00e0 condition que l\u2019enseignant ait saisi son adresse mail dans l\u2019application Pronote)<\/li>\n<li>de d\u00e9marrer une discussion.<\/li>\n<\/ul>\n<p>De la m\u00eame mani\u00e8re, vous pouvez recevoir un mail ou une discussion des professeurs de la classe.<br class=\"autobr\" \/>Pour consulter les discussions, cliquez sur le menu \u00ab\u00a0Toutes les rubriques\u00a0\u00bb et s\u00e9lectionnez \u00ab\u00a0Discussions\u00a0\u00bb dans l\u2019onglet \u00ab\u00a0Communication\u00a0\u00bb<\/p>\n<p><img loading=\"lazy\" decoding=\"async\" class=\"size-medium wp-image-82 aligncenter\" src=\"https:\/\/www.lycee-charles-nodier-ac-besancon.fr\/wordpress\/wp-content\/uploads\/2016\/07\/pronote-comm4-199x300.jpg\" alt=\"pronote-comm4\" width=\"199\" height=\"300\" srcset=\"https:\/\/www.lycee-charles-nodier-ac-besancon.fr\/wordpress\/wp-content\/uploads\/2016\/07\/pronote-comm4-199x300.jpg 199w, https:\/\/www.lycee-charles-nodier-ac-besancon.fr\/wordpress\/wp-content\/uploads\/2016\/07\/pronote-comm4.jpg 290w\" sizes=\"auto, (max-width: 199px) 100vw, 199px\" \/><\/p>\n<p>&nbsp;<\/p>\n<\/div>\n","protected":false},"excerpt":{"rendered":"<p>Ce tutoriel vous explique comment envoyer des mails (ou d\u00e9marrer des discussions) avec les professeurs avec l\u2019application Pronote. Connectez-vous sur \u00ab\u00a0l\u2019espace parents\u00a0\u00bb \u00e0 l\u2019aide de l\u2019identifiant et mot de passe\u2026<\/p>\n<p> <a class=\"continue-reading-link\" href=\"https:\/\/www.lycee-charles-nodier-ac-besancon.fr\/wordpress\/correspondance-avec-les-professeurs-via-pronote\/\"><span>Lire la suite<\/span><i class=\"crycon-right-dir\"><\/i><\/a> <\/p>\n","protected":false},"author":2,"featured_media":74,"comment_status":"closed","ping_status":"open","sticky":false,"template":"","format":"standard","meta":{"footnotes":""},"categories":[14],"tags":[48],"coauthors":[],"class_list":["post-81","post","type-post","status-publish","format-standard","has-post-thumbnail","hentry","category-pronote","tag-pronote"],"views":69998,"_links":{"self":[{"href":"https:\/\/www.lycee-charles-nodier-ac-besancon.fr\/wordpress\/wp-json\/wp\/v2\/posts\/81","targetHints":{"allow":["GET"]}}],"collection":[{"href":"https:\/\/www.lycee-charles-nodier-ac-besancon.fr\/wordpress\/wp-json\/wp\/v2\/posts"}],"about":[{"href":"https:\/\/www.lycee-charles-nodier-ac-besancon.fr\/wordpress\/wp-json\/wp\/v2\/types\/post"}],"author":[{"embeddable":true,"href":"https:\/\/www.lycee-charles-nodier-ac-besancon.fr\/wordpress\/wp-json\/wp\/v2\/users\/2"}],"replies":[{"embeddable":true,"href":"https:\/\/www.lycee-charles-nodier-ac-besancon.fr\/wordpress\/wp-json\/wp\/v2\/comments?post=81"}],"version-history":[{"count":1,"href":"https:\/\/www.lycee-charles-nodier-ac-besancon.fr\/wordpress\/wp-json\/wp\/v2\/posts\/81\/revisions"}],"predecessor-version":[{"id":86,"href":"https:\/\/www.lycee-charles-nodier-ac-besancon.fr\/wordpress\/wp-json\/wp\/v2\/posts\/81\/revisions\/86"}],"wp:featuredmedia":[{"embeddable":true,"href":"https:\/\/www.lycee-charles-nodier-ac-besancon.fr\/wordpress\/wp-json\/wp\/v2\/media\/74"}],"wp:attachment":[{"href":"https:\/\/www.lycee-charles-nodier-ac-besancon.fr\/wordpress\/wp-json\/wp\/v2\/media?parent=81"}],"wp:term":[{"taxonomy":"category","embeddable":true,"href":"https:\/\/www.lycee-charles-nodier-ac-besancon.fr\/wordpress\/wp-json\/wp\/v2\/categories?post=81"},{"taxonomy":"post_tag","embeddable":true,"href":"https:\/\/www.lycee-charles-nodier-ac-besancon.fr\/wordpress\/wp-json\/wp\/v2\/tags?post=81"},{"taxonomy":"author","embeddable":true,"href":"https:\/\/www.lycee-charles-nodier-ac-besancon.fr\/wordpress\/wp-json\/wp\/v2\/coauthors?post=81"}],"curies":[{"name":"wp","href":"https:\/\/api.w.org\/{rel}","templated":true}]}}