{"id":819,"date":"2016-07-27T08:47:24","date_gmt":"2016-07-27T06:47:24","guid":{"rendered":"http:\/\/www.lycee-charles-nodier-ac-besancon.fr\/wordpress\/?p=819"},"modified":"2016-07-27T08:47:24","modified_gmt":"2016-07-27T06:47:24","slug":"le-centre-de-documentation-et-dinformation","status":"publish","type":"post","link":"https:\/\/www.lycee-charles-nodier-ac-besancon.fr\/wordpress\/le-centre-de-documentation-et-dinformation\/","title":{"rendered":"Le Centre de Documentation et d\u2019Information"},"content":{"rendered":"<p>V\u00e9ritable lieu de formation, d\u2019ouverture culturelle, de recherche d\u2019information, d\u2019\u00e9changes et de lecture, le CDI est ouvert \u00e0 tous les \u00e9l\u00e8ves et tous les personnels de l\u2019\u00e9tablissement. Il ouvre environ 35h par semaine (du lundi au vendredi et le mercredi matin) et dispose de 40 places assises et 8 postes informatiques.<\/p>\n<p><img loading=\"lazy\" decoding=\"async\" class=\"size-full wp-image-822 aligncenter\" src=\"https:\/\/www.lycee-charles-nodier-ac-besancon.fr\/wordpress\/wp-content\/uploads\/2016\/07\/cdi1.jpg\" alt=\"cdi1\" width=\"700\" height=\"525\" srcset=\"https:\/\/www.lycee-charles-nodier-ac-besancon.fr\/wordpress\/wp-content\/uploads\/2016\/07\/cdi1.jpg 700w, https:\/\/www.lycee-charles-nodier-ac-besancon.fr\/wordpress\/wp-content\/uploads\/2016\/07\/cdi1-300x225.jpg 300w\" sizes=\"auto, (max-width: 700px) 100vw, 700px\" \/><\/p>\n<p>Il est g\u00e9r\u00e9 par un professeur documentaliste dont la mission est\u00a0:<\/p>\n<p>\u2022 de contribuer \u00e0 former les \u00e9l\u00e8ves \u00e0 la ma\u00eetrise de l\u2019information\u00a0:<\/p>\n<p>en AP\u00a0: module de 3h de m\u00e9thodologie de recherche documentaire pour tous les \u00e9l\u00e8ves de 2nde, interventions ponctuelles en 1re et Terminale<br \/>\nen TPE et en ECJS\u00a0: aide \u00e0 la recherche et \u00e0 l\u2019exploitation de documents, acc\u00e8s aux ressources hors \u00e9tablissement<br \/>\nen collaboration avec les enseignants pour des interventions ponctuelles au cours de projets et de dispositifs p\u00e9dagogiques\u00a0: Semaine de la Presse, \u00e9preuve EPE en BTS, D\u00e9fi Lecture&#8230;<\/p>\n<p><img loading=\"lazy\" decoding=\"async\" class=\"size-full wp-image-823 aligncenter\" src=\"https:\/\/www.lycee-charles-nodier-ac-besancon.fr\/wordpress\/wp-content\/uploads\/2016\/07\/cdi2-r90.jpg\" alt=\"cdi2-r90\" width=\"350\" height=\"467\" srcset=\"https:\/\/www.lycee-charles-nodier-ac-besancon.fr\/wordpress\/wp-content\/uploads\/2016\/07\/cdi2-r90.jpg 350w, https:\/\/www.lycee-charles-nodier-ac-besancon.fr\/wordpress\/wp-content\/uploads\/2016\/07\/cdi2-r90-225x300.jpg 225w\" sizes=\"auto, (max-width: 350px) 100vw, 350px\" \/><\/p>\n<p>\u2022 de concevoir et mettre en \u0153uvre une politique documentaire pour l\u2019\u00e9tablissement<br \/>\n\u2022 de g\u00e9rer et mettre \u00e0 disposition l\u2019ensemble des ressources documentaires de l\u2019\u00e9tablissement (le fonds compte environ 4000 ouvrages documentaires, 1500 livres de fiction, 45 abonnements \u00e0 des revues &#8211; le catalogue est consultable en ligne \u00e0 cette adresse\u00a0: <a href=\"http:\/\/0390012b.esidoc.fr\" target=\"_blank\">http:\/\/0390012b.esidoc.fr<\/a>)<\/p>\n<p><img loading=\"lazy\" decoding=\"async\" class=\"size-full wp-image-821 aligncenter\" src=\"https:\/\/www.lycee-charles-nodier-ac-besancon.fr\/wordpress\/wp-content\/uploads\/2016\/07\/cdi3.jpg\" alt=\"cdi3\" width=\"350\" height=\"263\" srcset=\"https:\/\/www.lycee-charles-nodier-ac-besancon.fr\/wordpress\/wp-content\/uploads\/2016\/07\/cdi3.jpg 350w, https:\/\/www.lycee-charles-nodier-ac-besancon.fr\/wordpress\/wp-content\/uploads\/2016\/07\/cdi3-300x225.jpg 300w\" sizes=\"auto, (max-width: 350px) 100vw, 350px\" \/><\/p>\n<p>\u2022 de promouvoir le livre et la lecture<\/p>\n<p>\u2022 de faciliter l\u2019ouverture de l\u2019\u00e9tablissement sur son environnement \u00e9ducatif, culturel et professionnel en s\u2019associant avec des partenaires locaux\u00a0: m\u00e9diath\u00e8que du Grand Dole, Sc\u00e8nes du Jura, librairie La Passerelle, Centre R\u00e9gional du Livre&#8230;<\/p>\n<p>Mais son principal objectif est de contribuer au d\u00e9veloppement de l\u2019autonomie et \u00e0 la r\u00e9ussite de tous les \u00e9l\u00e8ves\u00a0!<\/p>\n<p>&nbsp;<\/p>\n","protected":false},"excerpt":{"rendered":"<p>V\u00e9ritable lieu de formation, d\u2019ouverture culturelle, de recherche d\u2019information, d\u2019\u00e9changes et de lecture, le CDI est ouvert \u00e0 tous les \u00e9l\u00e8ves et tous les personnels de l\u2019\u00e9tablissement. Il ouvre environ\u2026<\/p>\n<p> <a class=\"continue-reading-link\" href=\"https:\/\/www.lycee-charles-nodier-ac-besancon.fr\/wordpress\/le-centre-de-documentation-et-dinformation\/\"><span>Lire la suite<\/span><i class=\"crycon-right-dir\"><\/i><\/a> <\/p>\n","protected":false},"author":2,"featured_media":820,"comment_status":"closed","ping_status":"open","sticky":false,"template":"","format":"standard","meta":{"footnotes":""},"categories":[82],"tags":[],"coauthors":[],"class_list":["post-819","post","type-post","status-publish","format-standard","has-post-thumbnail","hentry","category-centre-de-documentation-et-dinformation"],"views":4866,"_links":{"self":[{"href":"https:\/\/www.lycee-charles-nodier-ac-besancon.fr\/wordpress\/wp-json\/wp\/v2\/posts\/819","targetHints":{"allow":["GET"]}}],"collection":[{"href":"https:\/\/www.lycee-charles-nodier-ac-besancon.fr\/wordpress\/wp-json\/wp\/v2\/posts"}],"about":[{"href":"https:\/\/www.lycee-charles-nodier-ac-besancon.fr\/wordpress\/wp-json\/wp\/v2\/types\/post"}],"author":[{"embeddable":true,"href":"https:\/\/www.lycee-charles-nodier-ac-besancon.fr\/wordpress\/wp-json\/wp\/v2\/users\/2"}],"replies":[{"embeddable":true,"href":"https:\/\/www.lycee-charles-nodier-ac-besancon.fr\/wordpress\/wp-json\/wp\/v2\/comments?post=819"}],"version-history":[{"count":1,"href":"https:\/\/www.lycee-charles-nodier-ac-besancon.fr\/wordpress\/wp-json\/wp\/v2\/posts\/819\/revisions"}],"predecessor-version":[{"id":824,"href":"https:\/\/www.lycee-charles-nodier-ac-besancon.fr\/wordpress\/wp-json\/wp\/v2\/posts\/819\/revisions\/824"}],"wp:featuredmedia":[{"embeddable":true,"href":"https:\/\/www.lycee-charles-nodier-ac-besancon.fr\/wordpress\/wp-json\/wp\/v2\/media\/820"}],"wp:attachment":[{"href":"https:\/\/www.lycee-charles-nodier-ac-besancon.fr\/wordpress\/wp-json\/wp\/v2\/media?parent=819"}],"wp:term":[{"taxonomy":"category","embeddable":true,"href":"https:\/\/www.lycee-charles-nodier-ac-besancon.fr\/wordpress\/wp-json\/wp\/v2\/categories?post=819"},{"taxonomy":"post_tag","embeddable":true,"href":"https:\/\/www.lycee-charles-nodier-ac-besancon.fr\/wordpress\/wp-json\/wp\/v2\/tags?post=819"},{"taxonomy":"author","embeddable":true,"href":"https:\/\/www.lycee-charles-nodier-ac-besancon.fr\/wordpress\/wp-json\/wp\/v2\/coauthors?post=819"}],"curies":[{"name":"wp","href":"https:\/\/api.w.org\/{rel}","templated":true}]}}